{"id":64492,"date":"2017-01-06T12:31:46","date_gmt":"2017-01-06T15:31:46","guid":{"rendered":"http:\/\/www.elsindical.com.ar\/notas\/?p=64492"},"modified":"2017-01-06T12:31:46","modified_gmt":"2017-01-06T15:31:46","slug":"garavano-argentina-es-uno-de-los-paises-con-mayor-nivel-de-impunidad-del-mundo","status":"publish","type":"post","link":"https:\/\/www.elsindical.com.ar\/notas\/garavano-argentina-es-uno-de-los-paises-con-mayor-nivel-de-impunidad-del-mundo\/","title":{"rendered":"Garavano: \u00abArgentina es uno de los pa\u00edses con mayor nivel de impunidad del mundo\u00bb"},"content":{"rendered":"<p><em>\u00a0<a href=\"http:\/\/www.elsindical.com.ar\/notas\/var\/www\/html\/notas\/wp-content\/uploads\/2013\/06\/Dr.-Germ\u00e1n-Garavano.jpg\"><img loading=\"lazy\" decoding=\"async\" class=\"alignnone size-medium wp-image-35251\" src=\"http:\/\/www.elsindical.com.ar\/notas\/var\/www\/html\/notas\/wp-content\/uploads\/2013\/06\/Dr.-Germ\u00e1n-Garavano-300x258.jpg\" alt=\"\" width=\"300\" height=\"258\" srcset=\"https:\/\/www.elsindical.com.ar\/notas\/var\/www\/html\/notas\/wp-content\/uploads\/2013\/06\/Dr.-Germ\u00e1n-Garavano-300x258.jpg 300w, https:\/\/www.elsindical.com.ar\/notas\/var\/www\/html\/notas\/wp-content\/uploads\/2013\/06\/Dr.-Germ\u00e1n-Garavano-348x300.jpg 348w, https:\/\/www.elsindical.com.ar\/notas\/var\/www\/html\/notas\/wp-content\/uploads\/2013\/06\/Dr.-Germ\u00e1n-Garavano.jpg 443w\" sizes=\"auto, (max-width: 300px) 100vw, 300px\" \/><\/a> El ministro de Justicia confirm\u00f3 que el Gobierno piensa en una reforma del C\u00f3digo Penal. Se\u00f1al\u00f3 que en el pa\u00eds, \u201cla relaci\u00f3n entre los delitos cometidos y las personas condenadas es menor al 1%\u201d<\/em><\/p>\n<p>El ministro de Justicia, Germ\u00e1n Garavano, asegur\u00f3 que \u00abArgentina es uno de los pa\u00edses con mayores niveles de impunidad del mundo\u00bb, y confirm\u00f3 que el Gobierno impulsar\u00e1 una reforma del C\u00f3digo Penal y la escala de condenas, sumado a los cambios propuestos en el r\u00e9gimen de responsabilidad juvenil, que incluye una baja de la edad de imputabilidad.<\/p>\n<p>\u00abCuando uno hace un an\u00e1lisis sobre la cantidad de hechos delictivos que se cometen y las personas que est\u00e1n efectivamente condenadas, el n\u00famero es menor al uno por ciento\u00bb, advirti\u00f3 el ministro y, en tal sentido, denunci\u00f3 que durante el kirchnerismo hubo una visi\u00f3n \u00abm\u00e1s cercana\u00bb al victimario que a la v\u00edctima.<\/p>\n<p>El funcionario nacional plante\u00f3 que \u00abArgentina es uno de los pa\u00edses con mayores niveles de impunidad de la regi\u00f3n y del mundo\u00bb.<\/p>\n<p>\u00abHay jueces que trabajan mucho, que le ponen el esfuerzo (para una mejor administraci\u00f3n de justicia), y hay otros que tienen a veces miradas muy alejadas del sentido com\u00fan y de la realidad, donde solo ven al victimario y se olvidan de todo el da\u00f1o social y de la v\u00edctima\u00bb, asever\u00f3, en declaraciones a radio Mitre.<\/p>\n<p>En una renovada cr\u00edtica a la anterior administraci\u00f3n, Garavano plante\u00f3 que \u00abdurante muchos a\u00f1os tuvimos desde el gobierno, desde el poder una mirada que iba m\u00e1s cercana en esa direcci\u00f3n y todo esto fue llevando a una situaci\u00f3n que hoy estamos tratando de corregir\u00bb.<\/p>\n<p>En este marco, el titular de la cartera de Justicia confirm\u00f3 la decisi\u00f3n de la Casa Rosada de motorizar cambios en el C\u00f3digo Penal y la escala de condenas, tras alertar sobre las \u00abincongruencias\u00bb que existen entre la aplicaci\u00f3n de ese instrumento y la actual jurisprudencia.<\/p>\n<p>El funcionario se refiri\u00f3 a las \u00ab900 modificaciones que tiene el C\u00f3digo Penal\u00bb y que llevan a situaciones llamativas, como por ejemplo, que una persona pueda ir presa por ser responsable de una carrera de galgos, mientras que otra que cometi\u00f3 homicidio, puede quedar libre.<\/p>\n<p>\u00abEl C\u00f3digo tiene 900 modificaciones y aparte de estas incongruencias con las penas, tiene cosas que dice que son en un sentido y la jurisprudencia las ha llevado en sentido contrario\u00bb, expres\u00f3.<\/p>\n<p>El funcionario nacional abund\u00f3 sobre este punto: \u00abTenemos jueces que aplican de un modo diverso el C\u00f3digo Penal, como por ejemplo las penas en suspenso: las penas en suspenso, seg\u00fan el C\u00f3digo son una excepci\u00f3n que debe ser justificada, mientras que hoy la jurisprudencia es exactamente lo contrario; aqu\u00ed la norma son las penas en suspenso y la excepci\u00f3n es cuando deben ir a cumplir las penas en prisi\u00f3n\u00bb, lament\u00f3.<\/p>\n<p>Garavano razon\u00f3 que as\u00ed que como hay gente que \u00aba lo mejor\u00bb no est\u00e1 presa y deber\u00eda estarlo, tambi\u00e9n \u00abhay otra\u00bb que est\u00e1 en la c\u00e1rcel indebidamente: \u00abTenemos un sistema que funciona con muchas dificultades e incongruencias\u00bb, insisti\u00f3.<\/p>\n<p>\u00abLa idea del Gobierno es tratar de dar a todas las incongruencias una mirada integral, donde todos estos aspectos est\u00e9n considerados\u00bb, subray\u00f3.<\/p>\n","protected":false},"excerpt":{"rendered":"<p>\u00a0 El ministro de Justicia confirm\u00f3 que el Gobierno piensa en una reforma del C\u00f3digo Penal. Se\u00f1al\u00f3 que en el pa\u00eds, \u201cla relaci\u00f3n entre los delitos cometidos y las personas condenadas es menor al 1%\u201d El ministro de Justicia, Germ\u00e1n Garavano, asegur\u00f3 que \u00abArgentina es uno de los pa\u00edses con mayores niveles de impunidad del&hellip;<\/p>\n","protected":false},"author":1,"featured_media":0,"comment_status":"open","ping_status":"open","sticky":false,"template":"","format":"standard","meta":{"footnotes":""},"categories":[13],"tags":[4787,23484,2232,11498],"class_list":["post-64492","post","type-post","status-publish","format-standard","hentry","category-politica","tag-codigo-penal","tag-german-garavano","tag-impunidad","tag-reformas"],"_links":{"self":[{"href":"https:\/\/www.elsindical.com.ar\/notas\/wp-json\/wp\/v2\/posts\/64492","targetHints":{"allow":["GET"]}}],"collection":[{"href":"https:\/\/www.elsindical.com.ar\/notas\/wp-json\/wp\/v2\/posts"}],"about":[{"href":"https:\/\/www.elsindical.com.ar\/notas\/wp-json\/wp\/v2\/types\/post"}],"author":[{"embeddable":true,"href":"https:\/\/www.elsindical.com.ar\/notas\/wp-json\/wp\/v2\/users\/1"}],"replies":[{"embeddable":true,"href":"https:\/\/www.elsindical.com.ar\/notas\/wp-json\/wp\/v2\/comments?post=64492"}],"version-history":[{"count":1,"href":"https:\/\/www.elsindical.com.ar\/notas\/wp-json\/wp\/v2\/posts\/64492\/revisions"}],"predecessor-version":[{"id":64493,"href":"https:\/\/www.elsindical.com.ar\/notas\/wp-json\/wp\/v2\/posts\/64492\/revisions\/64493"}],"wp:attachment":[{"href":"https:\/\/www.elsindical.com.ar\/notas\/wp-json\/wp\/v2\/media?parent=64492"}],"wp:term":[{"taxonomy":"category","embeddable":true,"href":"https:\/\/www.elsindical.com.ar\/notas\/wp-json\/wp\/v2\/categories?post=64492"},{"taxonomy":"post_tag","embeddable":true,"href":"https:\/\/www.elsindical.com.ar\/notas\/wp-json\/wp\/v2\/tags?post=64492"}],"curies":[{"name":"wp","href":"https:\/\/api.w.org\/{rel}","templated":true}]}}