{"id":64471,"date":"2017-01-05T10:21:18","date_gmt":"2017-01-05T13:21:18","guid":{"rendered":"http:\/\/www.elsindical.com.ar\/notas\/?p=64471"},"modified":"2017-01-05T10:21:18","modified_gmt":"2017-01-05T13:21:18","slug":"villa-gesell-imputaron-a-cuatro-policias-bonaerenses-por-entregar-una-joven-a-sus-explotadores","status":"publish","type":"post","link":"https:\/\/www.elsindical.com.ar\/notas\/villa-gesell-imputaron-a-cuatro-policias-bonaerenses-por-entregar-una-joven-a-sus-explotadores\/","title":{"rendered":"Villa Gesell: Imputaron a cuatro polic\u00edas bonaerenses por entregar una joven a sus explotadores"},"content":{"rendered":"<p><em><a href=\"http:\/\/www.elsindical.com.ar\/notas\/var\/www\/html\/notas\/wp-content\/uploads\/2017\/01\/comisar\u00eda-1ra-Villa-Gesell.jpg\"><img loading=\"lazy\" decoding=\"async\" class=\"alignnone size-medium wp-image-64472\" src=\"http:\/\/www.elsindical.com.ar\/notas\/var\/www\/html\/notas\/wp-content\/uploads\/2017\/01\/comisar\u00eda-1ra-Villa-Gesell-300x169.jpg\" alt=\"\" width=\"300\" height=\"169\" srcset=\"https:\/\/www.elsindical.com.ar\/notas\/var\/www\/html\/notas\/wp-content\/uploads\/2017\/01\/comisar\u00eda-1ra-Villa-Gesell-300x169.jpg 300w, https:\/\/www.elsindical.com.ar\/notas\/var\/www\/html\/notas\/wp-content\/uploads\/2017\/01\/comisar\u00eda-1ra-Villa-Gesell-500x281.jpg 500w, https:\/\/www.elsindical.com.ar\/notas\/var\/www\/html\/notas\/wp-content\/uploads\/2017\/01\/comisar\u00eda-1ra-Villa-Gesell.jpg 600w\" sizes=\"auto, (max-width: 300px) 100vw, 300px\" \/><\/a>\u00a0 Es un Comisario y otros tres efectivos. La chica hab\u00eda logrado escapar del lugar donde la ten\u00edan privada de su libertad, y los polic\u00edas la llevaron all\u00ed de nuevo.<\/em><\/p>\n<p>Un comisario y otros tres efectivos de Villa Gesell fueron imputados en las \u00faltimas horas por entregar a una joven a los captores que la hab\u00edan secuestrado desde Salta y la llevaron a esa localidad balnearia para ser explotada laboralmente.<\/p>\n<p>Se trata de Sergio Urrutia (47), quien hab\u00eda sido desplazado de la comisar\u00eda 1ra. a ra\u00edz de los incidentes ocurridos el \u00faltimo fin de semana en la playa entre personal policial y varios j\u00f3venes.<\/p>\n<p>Fuentes judiciales informaron que la v\u00edctima de 22 a\u00f1os fue rescatada el viernes 30 de diciembre pasado tras haber sido captada en su provincia natal y llevada a la costa atl\u00e1ntica con una promesa de trabajo.<\/p>\n<p>Sin embargo, la joven era obligada a realizar tareas dom\u00e9sticas en un domicilio particular y en varios complejos de departamentos.<\/p>\n<p>Adem\u00e1s, sus empleadores le retuvieron su documento de identidad, le propinaron maltratos y la golpeaban en el cuerpo para forzarla a continuar en esas condiciones.<\/p>\n<p>El viernes \u00faltimo por la tarde la v\u00edctima escap\u00f3 del lugar en el que estaba cautiva y le pidi\u00f3 ayuda a un hombre que esperaba el colectivo local, tras lo cual la llev\u00f3 a la comisar\u00eda 1ra. de Villa Gesell.<\/p>\n<p>Seg\u00fan las fuentes, la chica ten\u00eda lesiones f\u00edsicas, secuelas psicol\u00f3gicas y tem\u00eda ser secuestrada nuevamente por sus captores.<\/p>\n<p>No obstante, el comisario Urrutia dispuso reintegrar a la v\u00edctima al mismo inmueble en el que estaba cautiva.<\/p>\n<p>Ante esa situaci\u00f3n, el mismo hombre que ayud\u00f3 a la joven se dirigi\u00f3 esa misma noche, alrededor de las 20.15, a la Unidad Funcional de Instrucci\u00f3n (UFI) descentralizada en Villa Gesell, a cargo de la Fiscal Ver\u00f3nica Zamboni.<\/p>\n<p>Tras enterarse de lo sucedido, la funcionaria judicial adopt\u00f3 medidas urgentes para rescatar a la v\u00edctima, por lo que dio intervenci\u00f3n al personal de la Subdelegaci\u00f3n Pinamar de la Polic\u00eda Federal Argentina (PFA).<\/p>\n<p>Los efectivos realizaron un allanamiento y liberaron a la mujer, quien fue trasladada de urgencia al hospital de Villa Gesell, donde qued\u00f3 internada durante algunos d\u00edas con custodia policial.<\/p>\n<p>Las fuentes agregaron que la fiscal\u00eda requiri\u00f3 la intervenci\u00f3n del Programa de Rescate y Acompa\u00f1amiento de la Provincia de Buenos Aires que, con colaboraci\u00f3n del propio Municipio local, trasladaron a la joven a su ciudad natal.<\/p>\n<p>La madre de la v\u00edctima hab\u00eda radicado una denuncia penal efectuada porque no sab\u00eda nada de ella ante la Fiscalia Federal de 1ra. Instancia de la ciudad de Salta capital.<\/p>\n<p>En tanto, la Fiscal Zamboni imput\u00f3 al Comisario Urrutia y a otros tres polic\u00edas de la dependencia de Villa Gesell por el delito de \u00abprivaci\u00f3n ilegal de la libertad y encubrimiento agravado\u00bb, aunque hasta el momento no fueron detenidos.<\/p>\n","protected":false},"excerpt":{"rendered":"<p>\u00a0 Es un Comisario y otros tres efectivos. La chica hab\u00eda logrado escapar del lugar donde la ten\u00edan privada de su libertad, y los polic\u00edas la llevaron all\u00ed de nuevo. Un comisario y otros tres efectivos de Villa Gesell fueron imputados en las \u00faltimas horas por entregar a una joven a los captores que la&hellip;<\/p>\n","protected":false},"author":1,"featured_media":0,"comment_status":"open","ping_status":"open","sticky":false,"template":"","format":"standard","meta":{"footnotes":""},"categories":[22],"tags":[25055,4747,698,2562,3481],"class_list":["post-64471","post","type-post","status-publish","format-standard","hentry","category-policiales","tag-comisario-sergio-urrutia","tag-explotadores","tag-pfa","tag-salta","tag-villa-gesell"],"_links":{"self":[{"href":"https:\/\/www.elsindical.com.ar\/notas\/wp-json\/wp\/v2\/posts\/64471","targetHints":{"allow":["GET"]}}],"collection":[{"href":"https:\/\/www.elsindical.com.ar\/notas\/wp-json\/wp\/v2\/posts"}],"about":[{"href":"https:\/\/www.elsindical.com.ar\/notas\/wp-json\/wp\/v2\/types\/post"}],"author":[{"embeddable":true,"href":"https:\/\/www.elsindical.com.ar\/notas\/wp-json\/wp\/v2\/users\/1"}],"replies":[{"embeddable":true,"href":"https:\/\/www.elsindical.com.ar\/notas\/wp-json\/wp\/v2\/comments?post=64471"}],"version-history":[{"count":1,"href":"https:\/\/www.elsindical.com.ar\/notas\/wp-json\/wp\/v2\/posts\/64471\/revisions"}],"predecessor-version":[{"id":64473,"href":"https:\/\/www.elsindical.com.ar\/notas\/wp-json\/wp\/v2\/posts\/64471\/revisions\/64473"}],"wp:attachment":[{"href":"https:\/\/www.elsindical.com.ar\/notas\/wp-json\/wp\/v2\/media?parent=64471"}],"wp:term":[{"taxonomy":"category","embeddable":true,"href":"https:\/\/www.elsindical.com.ar\/notas\/wp-json\/wp\/v2\/categories?post=64471"},{"taxonomy":"post_tag","embeddable":true,"href":"https:\/\/www.elsindical.com.ar\/notas\/wp-json\/wp\/v2\/tags?post=64471"}],"curies":[{"name":"wp","href":"https:\/\/api.w.org\/{rel}","templated":true}]}}