{"id":64464,"date":"2017-01-05T01:27:19","date_gmt":"2017-01-05T04:27:19","guid":{"rendered":"http:\/\/www.elsindical.com.ar\/notas\/?p=64464"},"modified":"2017-05-26T09:46:24","modified_gmt":"2017-05-26T12:46:24","slug":"lomas-de-zamora-marcharan-para-pedir-justicia-por-el-crimen-de-un-mecanico-en-temperley","status":"publish","type":"post","link":"https:\/\/www.elsindical.com.ar\/notas\/lomas-de-zamora-marcharan-para-pedir-justicia-por-el-crimen-de-un-mecanico-en-temperley\/","title":{"rendered":"Lomas de Zamora: Marchar\u00e1n para pedir justicia por el crimen de un mec\u00e1nico en Temperley"},"content":{"rendered":"<p><em><a href=\"http:\/\/www.elsindical.com.ar\/notas\/var\/www\/html\/notas\/wp-content\/uploads\/2017\/01\/Diego-Litarowicz-marcha.jpg\"><img loading=\"lazy\" decoding=\"async\" class=\"alignnone size-medium wp-image-64465\" src=\"http:\/\/www.elsindical.com.ar\/notas\/var\/www\/html\/notas\/wp-content\/uploads\/2017\/01\/Diego-Litarowicz-marcha-300x217.jpg\" alt=\"\" width=\"300\" height=\"217\" srcset=\"https:\/\/www.elsindical.com.ar\/notas\/var\/www\/html\/notas\/wp-content\/uploads\/2017\/01\/Diego-Litarowicz-marcha-300x217.jpg 300w, https:\/\/www.elsindical.com.ar\/notas\/var\/www\/html\/notas\/wp-content\/uploads\/2017\/01\/Diego-Litarowicz-marcha-415x300.jpg 415w, https:\/\/www.elsindical.com.ar\/notas\/var\/www\/html\/notas\/wp-content\/uploads\/2017\/01\/Diego-Litarowicz-marcha.jpg 640w\" sizes=\"auto, (max-width: 300px) 100vw, 300px\" \/><\/a>\u00a0 Familiares y amigos de Diego Litarowicz marchar\u00e1n este jueves a la Comisar\u00eda de San Jos\u00e9, en Temperley, para reclamar que se esclarezca el crimen del mec\u00e1nico, ocurrido el mes pasado en esa localidad.<\/em><\/p>\n<p>Este fin de semana se detuvo a un joven que, seg\u00fan indicaron fuentes policiales, estar\u00eda directamente involucrado con el homicidio. Sin embargo, todav\u00eda no trascendieron m\u00e1s datos en forma oficial.<\/p>\n<p>La marcha partir\u00e1 a las 19:00 hs.\u00a0desde Pasco y Santa Cruz para dirigirse a la Comisar\u00eda de San Jos\u00e9, que llev\u00f3 adelante los primeros pasos de la investigaci\u00f3n.<\/p>\n<p>\u201cMemoria, seguridad y justicia. Que no quede impune\u201d, reza la convocatoria de los vecinos, amigos y familiares de Litarowicz.<\/p>\n<p>El pasado 12 de diciembre alrededor de las 21, Litarowicz \u2013 al que apodaban \u201cRulo\u201d \u2013 estaba sacando su Volkswagen Amarok de su casa ubicada en La Calandria al 3000, en el barrio San Jos\u00e9 de Temperley. Junto \u00e9l estaban algunos de sus familiares.<\/p>\n<p>En ese contexto, fren\u00f3 un auto color gris del que bajaron dos hombres y una mujer armados. Los ladrones le exigieron el veh\u00edculo y el mec\u00e1nico opuso resistencia frente a uno de los asaltantes.<\/p>\n<p>Litarowicz recibi\u00f3 un balazo en la pierna, y los delincuentes escaparon con su veh\u00edculo y aqu\u00e9l en el que llegaron, sin ser detenidos a\u00fan.<\/p>\n<p>El hombre fue internado de urgencia en el Hospital Gandulfo. All\u00ed, como consecuencia de la herida, debieron amputarle una pierna.<\/p>\n<p>Luego fue trasladado a la Cl\u00ednica Passo de Temperley para regresar d\u00edas m\u00e1s tarde al Gandulfo.<\/p>\n<p>Fuentes judiciales consultadas por este portal se\u00f1alaron que Litarowicz falleci\u00f3 el domingo 25 por la noche como consecuencia de una grav\u00edsima infecci\u00f3n en la pierna, donde hab\u00eda recibido el balazo.<\/p>\n<p>La noticia gener\u00f3 una fuerte conmoci\u00f3n en su barrio que realiz\u00f3 un corte de la avenida Eva Per\u00f3n en reclamo de justicia pendiente ya que los autores del robo y asesinato siguen en libertad.<\/p>\n<p>La causa estaba caratulada como robo agravado con lesiones, pero se estima que se recaratular\u00e1 como homicidio en ocasi\u00f3n de robo. Interviene la UFI 14 de Lomas de Zamora, a cargo de la Fiscal Mar\u00eda Lorena Gonz\u00e1lez.<\/p>\n","protected":false},"excerpt":{"rendered":"<p>\u00a0 Familiares y amigos de Diego Litarowicz marchar\u00e1n este jueves a la Comisar\u00eda de San Jos\u00e9, en Temperley, para reclamar que se esclarezca el crimen del mec\u00e1nico, ocurrido el mes pasado en esa localidad. Este fin de semana se detuvo a un joven que, seg\u00fan indicaron fuentes policiales, estar\u00eda directamente involucrado con el homicidio. Sin&hellip;<\/p>\n","protected":false},"author":1,"featured_media":0,"comment_status":"open","ping_status":"open","sticky":false,"template":"","format":"standard","meta":{"footnotes":""},"categories":[25],"tags":[25053,25052,5430,1904,1430],"class_list":["post-64464","post","type-post","status-publish","format-standard","hentry","category-sociedad","tag-diego-litarowicz","tag-fiscal-maria-gonzalez","tag-hospital-gandulfo","tag-san-jose","tag-temperley"],"_links":{"self":[{"href":"https:\/\/www.elsindical.com.ar\/notas\/wp-json\/wp\/v2\/posts\/64464","targetHints":{"allow":["GET"]}}],"collection":[{"href":"https:\/\/www.elsindical.com.ar\/notas\/wp-json\/wp\/v2\/posts"}],"about":[{"href":"https:\/\/www.elsindical.com.ar\/notas\/wp-json\/wp\/v2\/types\/post"}],"author":[{"embeddable":true,"href":"https:\/\/www.elsindical.com.ar\/notas\/wp-json\/wp\/v2\/users\/1"}],"replies":[{"embeddable":true,"href":"https:\/\/www.elsindical.com.ar\/notas\/wp-json\/wp\/v2\/comments?post=64464"}],"version-history":[{"count":1,"href":"https:\/\/www.elsindical.com.ar\/notas\/wp-json\/wp\/v2\/posts\/64464\/revisions"}],"predecessor-version":[{"id":64466,"href":"https:\/\/www.elsindical.com.ar\/notas\/wp-json\/wp\/v2\/posts\/64464\/revisions\/64466"}],"wp:attachment":[{"href":"https:\/\/www.elsindical.com.ar\/notas\/wp-json\/wp\/v2\/media?parent=64464"}],"wp:term":[{"taxonomy":"category","embeddable":true,"href":"https:\/\/www.elsindical.com.ar\/notas\/wp-json\/wp\/v2\/categories?post=64464"},{"taxonomy":"post_tag","embeddable":true,"href":"https:\/\/www.elsindical.com.ar\/notas\/wp-json\/wp\/v2\/tags?post=64464"}],"curies":[{"name":"wp","href":"https:\/\/api.w.org\/{rel}","templated":true}]}}