{"id":6439,"date":"2010-05-12T13:38:16","date_gmt":"2010-05-12T16:38:16","guid":{"rendered":"http:\/\/www.elsindical.com.ar\/notas\/?p=6439"},"modified":"2010-05-12T13:38:16","modified_gmt":"2010-05-12T16:38:16","slug":"el-delito-bajo-en-forma-insuficiente-durante-la-gestion-de-stornelli","status":"publish","type":"post","link":"https:\/\/www.elsindical.com.ar\/notas\/el-delito-bajo-en-forma-insuficiente-durante-la-gestion-de-stornelli\/","title":{"rendered":"\u00abEl delito baj\u00f3 en forma insuficiente durante la gesti\u00f3n de Stornelli\u00bb"},"content":{"rendered":"<div id=\"cope\" style=\"text-align: justify;\"><a href=\"http:\/\/www.elsindical.com.ar\/notas\/var\/www\/html\/notas\/wp-content\/uploads\/2010\/05\/Alberto-P\u00e9rez.jpg\"><img loading=\"lazy\" decoding=\"async\" class=\"alignleft size-full wp-image-6440\" title=\"Alberto-P\u00e9rez\" src=\"http:\/\/www.elsindical.com.ar\/notas\/var\/www\/html\/notas\/wp-content\/uploads\/2010\/05\/Alberto-P\u00e9rez.jpg\" alt=\"\" width=\"227\" height=\"162\" \/><\/a>El jefe de Gabinete de la provincia de Buenos Aires se refiri\u00f3 a la salida del ex ministro de Seguridad, Carlos Stornelli, y consider\u00f3 que durante su gesti\u00f3n \u00abel delito ha bajado, pero en forma insuficiente\u201d. Adem\u00e1s, explic\u00f3 que el objetivo de la creaci\u00f3n del Ministerio de Seguridad y Justicia bonaerense es lograr un \u201ctrabajo en bloque\u201d entre las \u00e1reas policial y judicial.<\/div>\n<div style=\"text-align: justify;\">El jefe de Gabinete bonaerense, Alberto P\u00e9rez, justific\u00f3 la salida del ex ministro de Seguridad Carlos Stornelli al asegurar que durante su gesti\u00f3n \u00abel delito ha bajado, pero en forma insuficiente\u201d.<\/p>\n<p>\u00abNo baj\u00f3 el delito violento. Hicimos muchas cosas, faltan otras. Tenemos que trabajar en al destrucci\u00f3n de armas de fuego, en aquellos que salen a robar drogados porque la violencia que ejercen es mucho mayor\u00bb, reconoci\u00f3 el funcionario.<\/p>\n<p>Adem\u00e1s, explic\u00f3 que la decisi\u00f3n del gobernador Daniel Scioli de unificar los ministerios de Justicia y Seguridad: \u201cCreemos que el abordaje que tiene que haber para el tema de seguridad tiene que ser un trabajo en bloque entre la prevenci\u00f3n policial, el accionar de la Justicia y del Servicio Penitenciario\u00bb.<\/p>\n<p>Adem\u00e1s, consider\u00f3 que es \u201cm\u00e1s f\u00e1cil\u201d tener a un solo ministro trabajando en bloque en estas \u00e1reas para \u201cpoder articular y coordinar\u00bb.<\/p>\n<p>El funcionario provincial destac\u00f3 tambi\u00e9n que una de las principales pol\u00edticas de la administraci\u00f3n de Daniel Scioli es \u201cla lucha contra la droga que est\u00e1 dando sus resultados\u201d.<\/p>\n<p>En las \u00faltimas horas, el Ejecutivo bonaerense envi\u00f3 a la Legislatura provincial el proyecto de ley que fusiona las carteras de Justicia y Seguridad, iniciativa que podr\u00eda tratarse hoy en el Senado.<\/p><\/div>\n","protected":false},"excerpt":{"rendered":"<p>El jefe de Gabinete de la provincia de Buenos Aires se refiri\u00f3 a la salida del ex ministro de Seguridad, Carlos Stornelli, y consider\u00f3 que durante su gesti\u00f3n \u00abel delito ha bajado, pero en forma insuficiente\u201d. Adem\u00e1s, explic\u00f3 que el objetivo de la creaci\u00f3n del Ministerio de Seguridad y Justicia bonaerense es lograr un \u201ctrabajo&hellip;<\/p>\n","protected":false},"author":1,"featured_media":0,"comment_status":"open","ping_status":"open","sticky":false,"template":"","format":"standard","meta":{"footnotes":""},"categories":[13],"tags":[3341,982,983],"class_list":["post-6439","post","type-post","status-publish","format-standard","hentry","category-politica","tag-alberto-perez","tag-carlos-stornelli","tag-daniel-scioli"],"_links":{"self":[{"href":"https:\/\/www.elsindical.com.ar\/notas\/wp-json\/wp\/v2\/posts\/6439","targetHints":{"allow":["GET"]}}],"collection":[{"href":"https:\/\/www.elsindical.com.ar\/notas\/wp-json\/wp\/v2\/posts"}],"about":[{"href":"https:\/\/www.elsindical.com.ar\/notas\/wp-json\/wp\/v2\/types\/post"}],"author":[{"embeddable":true,"href":"https:\/\/www.elsindical.com.ar\/notas\/wp-json\/wp\/v2\/users\/1"}],"replies":[{"embeddable":true,"href":"https:\/\/www.elsindical.com.ar\/notas\/wp-json\/wp\/v2\/comments?post=6439"}],"version-history":[{"count":2,"href":"https:\/\/www.elsindical.com.ar\/notas\/wp-json\/wp\/v2\/posts\/6439\/revisions"}],"predecessor-version":[{"id":6442,"href":"https:\/\/www.elsindical.com.ar\/notas\/wp-json\/wp\/v2\/posts\/6439\/revisions\/6442"}],"wp:attachment":[{"href":"https:\/\/www.elsindical.com.ar\/notas\/wp-json\/wp\/v2\/media?parent=6439"}],"wp:term":[{"taxonomy":"category","embeddable":true,"href":"https:\/\/www.elsindical.com.ar\/notas\/wp-json\/wp\/v2\/categories?post=6439"},{"taxonomy":"post_tag","embeddable":true,"href":"https:\/\/www.elsindical.com.ar\/notas\/wp-json\/wp\/v2\/tags?post=6439"}],"curies":[{"name":"wp","href":"https:\/\/api.w.org\/{rel}","templated":true}]}}