{"id":64358,"date":"2016-12-31T03:17:36","date_gmt":"2016-12-31T06:17:36","guid":{"rendered":"http:\/\/www.elsindical.com.ar\/notas\/?p=64358"},"modified":"2016-12-31T03:17:36","modified_gmt":"2016-12-31T06:17:36","slug":"entre-rios-su-perro-le-salvo-la-vida-y-quedo-herido-lo-dejo-morir","status":"publish","type":"post","link":"https:\/\/www.elsindical.com.ar\/notas\/entre-rios-su-perro-le-salvo-la-vida-y-quedo-herido-lo-dejo-morir\/","title":{"rendered":"Entre R\u00edos: Su perro le salv\u00f3 la vida y qued\u00f3 herido: lo dej\u00f3 morir"},"content":{"rendered":"<p><em>\u00a0 <a href=\"http:\/\/www.elsindical.com.ar\/notas\/var\/www\/html\/notas\/wp-content\/uploads\/2016\/12\/perro-asesinado-robo.jpg\"><img loading=\"lazy\" decoding=\"async\" class=\"alignnone size-medium wp-image-64359\" src=\"http:\/\/www.elsindical.com.ar\/notas\/var\/www\/html\/notas\/wp-content\/uploads\/2016\/12\/perro-asesinado-robo-300x180.jpg\" alt=\"\" width=\"300\" height=\"180\" srcset=\"https:\/\/www.elsindical.com.ar\/notas\/var\/www\/html\/notas\/wp-content\/uploads\/2016\/12\/perro-asesinado-robo-300x180.jpg 300w, https:\/\/www.elsindical.com.ar\/notas\/var\/www\/html\/notas\/wp-content\/uploads\/2016\/12\/perro-asesinado-robo-500x300.jpg 500w, https:\/\/www.elsindical.com.ar\/notas\/var\/www\/html\/notas\/wp-content\/uploads\/2016\/12\/perro-asesinado-robo.jpg 678w\" sizes=\"auto, (max-width: 300px) 100vw, 300px\" \/><\/a>El animal defendi\u00f3 a su ama de un intento de robo y los ladrones lo lastimaron. La due\u00f1a de la mascota lo dej\u00f3 en la calle y sigui\u00f3 atendiendo su comercio. El can h\u00e9roe falleci\u00f3 y el hecho es repudiado en las redes sociales.<\/em><\/p>\n<p>La due\u00f1a de una panader\u00eda de Entre R\u00edos est\u00e1 siendo fuertemente repudiada en las redes sociales. Fue v\u00edctima de un violento robo y dej\u00f3 morir a su perro que la hab\u00eda defendido de los ladrones. El hecho ocurri\u00f3 en la zona de barrio Villa Uranga, en calles Ovidio Lagos y Las Camelias, de la ciudad de Paran\u00e1.<\/p>\n","protected":false},"excerpt":{"rendered":"<p>\u00a0 El animal defendi\u00f3 a su ama de un intento de robo y los ladrones lo lastimaron. La due\u00f1a de la mascota lo dej\u00f3 en la calle y sigui\u00f3 atendiendo su comercio. El can h\u00e9roe falleci\u00f3 y el hecho es repudiado en las redes sociales. La due\u00f1a de una panader\u00eda de Entre R\u00edos est\u00e1 siendo&hellip;<\/p>\n","protected":false},"author":1,"featured_media":0,"comment_status":"open","ping_status":"open","sticky":false,"template":"","format":"standard","meta":{"footnotes":""},"categories":[22],"tags":[1386,3987,302,116],"class_list":["post-64358","post","type-post","status-publish","format-standard","hentry","category-policiales","tag-entre-rios","tag-panaderia","tag-perro","tag-robo"],"_links":{"self":[{"href":"https:\/\/www.elsindical.com.ar\/notas\/wp-json\/wp\/v2\/posts\/64358","targetHints":{"allow":["GET"]}}],"collection":[{"href":"https:\/\/www.elsindical.com.ar\/notas\/wp-json\/wp\/v2\/posts"}],"about":[{"href":"https:\/\/www.elsindical.com.ar\/notas\/wp-json\/wp\/v2\/types\/post"}],"author":[{"embeddable":true,"href":"https:\/\/www.elsindical.com.ar\/notas\/wp-json\/wp\/v2\/users\/1"}],"replies":[{"embeddable":true,"href":"https:\/\/www.elsindical.com.ar\/notas\/wp-json\/wp\/v2\/comments?post=64358"}],"version-history":[{"count":1,"href":"https:\/\/www.elsindical.com.ar\/notas\/wp-json\/wp\/v2\/posts\/64358\/revisions"}],"predecessor-version":[{"id":64360,"href":"https:\/\/www.elsindical.com.ar\/notas\/wp-json\/wp\/v2\/posts\/64358\/revisions\/64360"}],"wp:attachment":[{"href":"https:\/\/www.elsindical.com.ar\/notas\/wp-json\/wp\/v2\/media?parent=64358"}],"wp:term":[{"taxonomy":"category","embeddable":true,"href":"https:\/\/www.elsindical.com.ar\/notas\/wp-json\/wp\/v2\/categories?post=64358"},{"taxonomy":"post_tag","embeddable":true,"href":"https:\/\/www.elsindical.com.ar\/notas\/wp-json\/wp\/v2\/tags?post=64358"}],"curies":[{"name":"wp","href":"https:\/\/api.w.org\/{rel}","templated":true}]}}