{"id":6435,"date":"2010-05-12T13:24:35","date_gmt":"2010-05-12T16:24:35","guid":{"rendered":"http:\/\/www.elsindical.com.ar\/notas\/?p=6435"},"modified":"2010-05-12T13:24:35","modified_gmt":"2010-05-12T16:24:35","slug":"lanusdetienen-a-otra-anciana-por-venta-de-drogas","status":"publish","type":"post","link":"https:\/\/www.elsindical.com.ar\/notas\/lanusdetienen-a-otra-anciana-por-venta-de-drogas\/","title":{"rendered":"Lan\u00fas:Detienen a otra anciana por venta de drogas"},"content":{"rendered":"<div id=\"cope\" style=\"text-align: justify;\"><a href=\"http:\/\/www.elsindical.com.ar\/notas\/var\/www\/html\/notas\/wp-content\/uploads\/2010\/05\/d\u00f3sis-de-paco.jpg\"><img loading=\"lazy\" decoding=\"async\" class=\"alignleft size-full wp-image-6437\" title=\"d\u00f3sis-de-paco\" src=\"http:\/\/www.elsindical.com.ar\/notas\/var\/www\/html\/notas\/wp-content\/uploads\/2010\/05\/d\u00f3sis-de-paco.jpg\" alt=\"\" width=\"195\" height=\"168\" \/><\/a>Efectivos policiales detuvieron a una mujer de 71 a\u00f1os acusada de comercializar estupefacientes en el partido bonaerense de Lan\u00fas. La anciana hace 5 meses hab\u00eda recuperado la libertad luego de cumplir condena por vender drogas. Durante el allanamiento, la polic\u00eda incaut\u00f3 un centenar de dosis de paco, tizas de coca\u00edna, envases de medicamentos utilizados para el corte de las drogas y elementos de fraccionamiento.<\/div>\n<div style=\"text-align: justify;\">\n<p style=\"text-align: justify;\">Una anciana de 71 a\u00f1os, que hace 5 meses recuper\u00f3 la libertad luego de cumplir condena por vender drogas, fue detenida esta madrugada por comercializar paco en la localidad bonaerense de Villa Barcel\u00f3, partido de Lan\u00fas.<\/p>\n<p>Asimismo, en \u00e9se y otros procedimientos realizados en el sur del conurbano por la Jefatura Departamental Lan\u00fas, se secuestraron m\u00e1s de 1.000 dosis de paco y otras 9 personas quedaron detenidas.<\/p>\n<p>Seg\u00fan la polic\u00eda, la abuela integraba una organizaci\u00f3n que comercializaba paco y otras sustancias en una vivienda ubicada sobre la calle Bar\u00f3n de Astrada al 2700 de Villa Barcel\u00f3.<\/p>\n<p>En ese allanamiento realizado por efectivos de la comisar\u00eda 10ma. de Lan\u00fas con apoyo de la DDI de Lomas de Zamora, se incautaron un centenar de dosis de paco, tizas de coca\u00edna, envases de medicamentos utilizados para el corte de las drogas y elementos de fraccionamiento.<\/p>\n<p>La septuagenaria hab\u00eda recuperado su libertad en diciembre pasado, tras cumplir una condena de 3 a\u00f1os de prisi\u00f3n por tr\u00e1fico de estupefacientes, y junto a ella se detuvo a cuatro hombres, entre ellos, uno que tambi\u00e9n hab\u00eda estado en prisi\u00f3n por narcotr\u00e1fico. Este procedimiento se sum\u00f3 a otro de similares caracter\u00edsticas cumplido en la localidad de Llavallol, partido de Lomas de Zamora, donde se descubrieron m\u00e1s de mil envoltorios de coca\u00edna (casi un kilogramo) en el interior de un inmueble de la calle De\u00e1n Funes al 1000, donde hubo m\u00e1s detenciones.<\/p>\n<\/div>\n","protected":false},"excerpt":{"rendered":"<p>Efectivos policiales detuvieron a una mujer de 71 a\u00f1os acusada de comercializar estupefacientes en el partido bonaerense de Lan\u00fas. La anciana hace 5 meses hab\u00eda recuperado la libertad luego de cumplir condena por vender drogas. Durante el allanamiento, la polic\u00eda incaut\u00f3 un centenar de dosis de paco, tizas de coca\u00edna, envases de medicamentos utilizados para&hellip;<\/p>\n","protected":false},"author":1,"featured_media":0,"comment_status":"open","ping_status":"open","sticky":false,"template":"","format":"standard","meta":{"footnotes":""},"categories":[22],"tags":[1508,237,382,209,30,3340],"class_list":["post-6435","post","type-post","status-publish","format-standard","hentry","category-policiales","tag-anciana","tag-detenida","tag-drogas","tag-lanus","tag-policia","tag-reincidente"],"_links":{"self":[{"href":"https:\/\/www.elsindical.com.ar\/notas\/wp-json\/wp\/v2\/posts\/6435","targetHints":{"allow":["GET"]}}],"collection":[{"href":"https:\/\/www.elsindical.com.ar\/notas\/wp-json\/wp\/v2\/posts"}],"about":[{"href":"https:\/\/www.elsindical.com.ar\/notas\/wp-json\/wp\/v2\/types\/post"}],"author":[{"embeddable":true,"href":"https:\/\/www.elsindical.com.ar\/notas\/wp-json\/wp\/v2\/users\/1"}],"replies":[{"embeddable":true,"href":"https:\/\/www.elsindical.com.ar\/notas\/wp-json\/wp\/v2\/comments?post=6435"}],"version-history":[{"count":2,"href":"https:\/\/www.elsindical.com.ar\/notas\/wp-json\/wp\/v2\/posts\/6435\/revisions"}],"predecessor-version":[{"id":6438,"href":"https:\/\/www.elsindical.com.ar\/notas\/wp-json\/wp\/v2\/posts\/6435\/revisions\/6438"}],"wp:attachment":[{"href":"https:\/\/www.elsindical.com.ar\/notas\/wp-json\/wp\/v2\/media?parent=6435"}],"wp:term":[{"taxonomy":"category","embeddable":true,"href":"https:\/\/www.elsindical.com.ar\/notas\/wp-json\/wp\/v2\/categories?post=6435"},{"taxonomy":"post_tag","embeddable":true,"href":"https:\/\/www.elsindical.com.ar\/notas\/wp-json\/wp\/v2\/tags?post=6435"}],"curies":[{"name":"wp","href":"https:\/\/api.w.org\/{rel}","templated":true}]}}