{"id":64273,"date":"2016-12-28T01:24:31","date_gmt":"2016-12-28T04:24:31","guid":{"rendered":"http:\/\/www.elsindical.com.ar\/notas\/?p=64273"},"modified":"2016-12-28T01:24:31","modified_gmt":"2016-12-28T04:24:31","slug":"avellaneda-murio-la-ex-concejal-miriam-graino","status":"publish","type":"post","link":"https:\/\/www.elsindical.com.ar\/notas\/avellaneda-murio-la-ex-concejal-miriam-graino\/","title":{"rendered":"Avellaneda: Muri\u00f3 la ex concejal Miriam Grai\u00f1o"},"content":{"rendered":"<p><a href=\"http:\/\/www.elsindical.com.ar\/notas\/var\/www\/html\/notas\/wp-content\/uploads\/2014\/08\/Miriam-Grai\u00f1o-concejal-UCR.jpg\"><img loading=\"lazy\" decoding=\"async\" class=\"alignnone size-medium wp-image-44682\" src=\"http:\/\/www.elsindical.com.ar\/notas\/var\/www\/html\/notas\/wp-content\/uploads\/2014\/08\/Miriam-Grai\u00f1o-concejal-UCR-278x300.jpg\" alt=\"\" width=\"278\" height=\"300\" srcset=\"https:\/\/www.elsindical.com.ar\/notas\/var\/www\/html\/notas\/wp-content\/uploads\/2014\/08\/Miriam-Grai\u00f1o-concejal-UCR-278x300.jpg 278w, https:\/\/www.elsindical.com.ar\/notas\/var\/www\/html\/notas\/wp-content\/uploads\/2014\/08\/Miriam-Grai\u00f1o-concejal-UCR.jpg 425w\" sizes=\"auto, (max-width: 278px) 100vw, 278px\" \/><\/a><em>La concejal mandato cumplido por la UCR Miriam Grai\u00f1o, falleci\u00f3 luego de una lucha dura con un c\u00e1ncer seg\u00fan informaron allegados, la cual ten\u00eda tan solo 46 a\u00f1os y una amplia trayectoria en las filas de la UCR.<\/em><\/p>\n<p>Miriam Grai\u00f1o, concejal por la UCR entre 2011-2015, luchaba contra una penosa enfermedad y falleci\u00f3 ayer. Hija del ex edil radical Alberto Grai\u00f1o (1991-1995), hab\u00eda ocupado varios cargos partidarios y actualmente hab\u00eda sido electa convencional nacional.<\/p>\n<p>El presidente de la UCR local, Daniel Iozzolino, manifest\u00f3 que \u201cera una persona muy aguerrida\u201d. \u201cSe preocup\u00f3 de muchas de las problem\u00e1ticas del distrito inclusive entr\u00f3 en terrenos complicados como el de la inseguridad\u201d, remarc\u00f3 al tiempo que tambi\u00e9n expres\u00f3 su \u201csorpresa por el hecho\u201d. \u201cFue un golpe tremendo para el Partido y todos los allegados\u201d, recalc\u00f3 y agreg\u00f3 que la van a recordar \u201ccomo una militante joven que hizo mucho por el radicalismo\u201d.<\/p>\n<p>La UCR de Avellaneda suspendi\u00f3 el plenario y brindis de fin de a\u00f1o que ten\u00edan previsto realizar este jueves en se\u00f1al de duelo.<\/p>\n<p>Desde el Multimedios El Sindical, a pesar de las diferencias con algunas de sus posturas pol\u00edticas, nos solidarizamos con su familia y destacamos en la persona de Miriam el respeto y el di\u00e1logo que siempre mantuvo con nuestro Editor General Marcelo Ricardo Hawrylciw.<\/p>\n","protected":false},"excerpt":{"rendered":"<p>La concejal mandato cumplido por la UCR Miriam Grai\u00f1o, falleci\u00f3 luego de una lucha dura con un c\u00e1ncer seg\u00fan informaron allegados, la cual ten\u00eda tan solo 46 a\u00f1os y una amplia trayectoria en las filas de la UCR. Miriam Grai\u00f1o, concejal por la UCR entre 2011-2015, luchaba contra una penosa enfermedad y falleci\u00f3 ayer. Hija&hellip;<\/p>\n","protected":false},"author":1,"featured_media":0,"comment_status":"open","ping_status":"open","sticky":false,"template":"","format":"standard","meta":{"footnotes":""},"categories":[13],"tags":[461,4888,15336,1826],"class_list":["post-64273","post","type-post","status-publish","format-standard","hentry","category-politica","tag-avellaneda","tag-concejal","tag-miriam-graino","tag-ucr"],"_links":{"self":[{"href":"https:\/\/www.elsindical.com.ar\/notas\/wp-json\/wp\/v2\/posts\/64273","targetHints":{"allow":["GET"]}}],"collection":[{"href":"https:\/\/www.elsindical.com.ar\/notas\/wp-json\/wp\/v2\/posts"}],"about":[{"href":"https:\/\/www.elsindical.com.ar\/notas\/wp-json\/wp\/v2\/types\/post"}],"author":[{"embeddable":true,"href":"https:\/\/www.elsindical.com.ar\/notas\/wp-json\/wp\/v2\/users\/1"}],"replies":[{"embeddable":true,"href":"https:\/\/www.elsindical.com.ar\/notas\/wp-json\/wp\/v2\/comments?post=64273"}],"version-history":[{"count":1,"href":"https:\/\/www.elsindical.com.ar\/notas\/wp-json\/wp\/v2\/posts\/64273\/revisions"}],"predecessor-version":[{"id":64274,"href":"https:\/\/www.elsindical.com.ar\/notas\/wp-json\/wp\/v2\/posts\/64273\/revisions\/64274"}],"wp:attachment":[{"href":"https:\/\/www.elsindical.com.ar\/notas\/wp-json\/wp\/v2\/media?parent=64273"}],"wp:term":[{"taxonomy":"category","embeddable":true,"href":"https:\/\/www.elsindical.com.ar\/notas\/wp-json\/wp\/v2\/categories?post=64273"},{"taxonomy":"post_tag","embeddable":true,"href":"https:\/\/www.elsindical.com.ar\/notas\/wp-json\/wp\/v2\/tags?post=64273"}],"curies":[{"name":"wp","href":"https:\/\/api.w.org\/{rel}","templated":true}]}}