{"id":64265,"date":"2016-12-27T23:29:50","date_gmt":"2016-12-28T02:29:50","guid":{"rendered":"http:\/\/www.elsindical.com.ar\/notas\/?p=64265"},"modified":"2016-12-27T23:29:50","modified_gmt":"2016-12-28T02:29:50","slug":"hallan-cadaver-destripado-y-putrefacto-en-microcentro","status":"publish","type":"post","link":"https:\/\/www.elsindical.com.ar\/notas\/hallan-cadaver-destripado-y-putrefacto-en-microcentro\/","title":{"rendered":"Hallan cad\u00e1ver destripado y putrefacto en microcentro"},"content":{"rendered":"<p><em>\u00a0<a href=\"http:\/\/www.elsindical.com.ar\/notas\/var\/www\/html\/notas\/wp-content\/uploads\/2016\/12\/allanamiento-microcentro-asesinado.jpg\"><img loading=\"lazy\" decoding=\"async\" class=\"alignnone size-medium wp-image-64266\" src=\"http:\/\/www.elsindical.com.ar\/notas\/var\/www\/html\/notas\/wp-content\/uploads\/2016\/12\/allanamiento-microcentro-asesinado-300x158.jpg\" alt=\"\" width=\"300\" height=\"158\" srcset=\"https:\/\/www.elsindical.com.ar\/notas\/var\/www\/html\/notas\/wp-content\/uploads\/2016\/12\/allanamiento-microcentro-asesinado-300x158.jpg 300w, https:\/\/www.elsindical.com.ar\/notas\/var\/www\/html\/notas\/wp-content\/uploads\/2016\/12\/allanamiento-microcentro-asesinado-500x263.jpg 500w, https:\/\/www.elsindical.com.ar\/notas\/var\/www\/html\/notas\/wp-content\/uploads\/2016\/12\/allanamiento-microcentro-asesinado.jpg 680w\" sizes=\"auto, (max-width: 300px) 100vw, 300px\" \/><\/a> Uno de nuestros lectores precis\u00f3 que en la tarde de este martes la Polic\u00eda Federal allan\u00f3 unas oficinas de Sarmiento 412, esquina Reconquista, de las que sal\u00eda \u00abun olor a podrido muy fuerte\u00bb. All\u00ed encontraron a un cuerpo masculino aparentemente muerto a pu\u00f1aladas, en estado de descomposici\u00f3n y eviscerado.<\/em><\/p>\n<p>La Polic\u00eda y el cuerpo de Bomberos tuvieron que trabajar en el lugar para sacar el cuerpo sin vida de un edificio ubicado en pleno coraz\u00f3n del microcentro porte\u00f1o.<\/p>\n<p>El portero del edificio confirm\u00f3 que la tarea no fue sencilla porque estaba \u00abtodo destripado\u00bb.<\/p>\n<p>Seg\u00fan fuentes policiales, la v\u00edctima se encargaba de gestionar documentaci\u00f3n para extranjeros, aunque varias personas que trabajan en el mencionado edificio aseguraron no haberlo visto nunca por el complejo.<\/p>\n","protected":false},"excerpt":{"rendered":"<p>\u00a0 Uno de nuestros lectores precis\u00f3 que en la tarde de este martes la Polic\u00eda Federal allan\u00f3 unas oficinas de Sarmiento 412, esquina Reconquista, de las que sal\u00eda \u00abun olor a podrido muy fuerte\u00bb. All\u00ed encontraron a un cuerpo masculino aparentemente muerto a pu\u00f1aladas, en estado de descomposici\u00f3n y eviscerado. La Polic\u00eda y el cuerpo&hellip;<\/p>\n","protected":false},"author":1,"featured_media":0,"comment_status":"open","ping_status":"open","sticky":false,"template":"","format":"standard","meta":{"footnotes":""},"categories":[22],"tags":[363,1369,1096,1801,958],"class_list":["post-64265","post","type-post","status-publish","format-standard","hentry","category-policiales","tag-asesinato","tag-bomberos","tag-cuerpo","tag-microcentro","tag-policia-federal"],"_links":{"self":[{"href":"https:\/\/www.elsindical.com.ar\/notas\/wp-json\/wp\/v2\/posts\/64265","targetHints":{"allow":["GET"]}}],"collection":[{"href":"https:\/\/www.elsindical.com.ar\/notas\/wp-json\/wp\/v2\/posts"}],"about":[{"href":"https:\/\/www.elsindical.com.ar\/notas\/wp-json\/wp\/v2\/types\/post"}],"author":[{"embeddable":true,"href":"https:\/\/www.elsindical.com.ar\/notas\/wp-json\/wp\/v2\/users\/1"}],"replies":[{"embeddable":true,"href":"https:\/\/www.elsindical.com.ar\/notas\/wp-json\/wp\/v2\/comments?post=64265"}],"version-history":[{"count":1,"href":"https:\/\/www.elsindical.com.ar\/notas\/wp-json\/wp\/v2\/posts\/64265\/revisions"}],"predecessor-version":[{"id":64267,"href":"https:\/\/www.elsindical.com.ar\/notas\/wp-json\/wp\/v2\/posts\/64265\/revisions\/64267"}],"wp:attachment":[{"href":"https:\/\/www.elsindical.com.ar\/notas\/wp-json\/wp\/v2\/media?parent=64265"}],"wp:term":[{"taxonomy":"category","embeddable":true,"href":"https:\/\/www.elsindical.com.ar\/notas\/wp-json\/wp\/v2\/categories?post=64265"},{"taxonomy":"post_tag","embeddable":true,"href":"https:\/\/www.elsindical.com.ar\/notas\/wp-json\/wp\/v2\/tags?post=64265"}],"curies":[{"name":"wp","href":"https:\/\/api.w.org\/{rel}","templated":true}]}}