{"id":64172,"date":"2016-12-22T21:29:18","date_gmt":"2016-12-23T00:29:18","guid":{"rendered":"http:\/\/www.elsindical.com.ar\/notas\/?p=64172"},"modified":"2016-12-22T21:29:18","modified_gmt":"2016-12-23T00:29:18","slug":"daniela-cardone-volvio-a-calentar-instagram","status":"publish","type":"post","link":"https:\/\/www.elsindical.com.ar\/notas\/daniela-cardone-volvio-a-calentar-instagram\/","title":{"rendered":"Daniela Cardone volvi\u00f3 a calentar Instagram"},"content":{"rendered":"<p><em><a href=\"http:\/\/www.elsindical.com.ar\/notas\/var\/www\/html\/notas\/wp-content\/uploads\/2016\/12\/Daniela-Cardone-mirada.jpg\"><img loading=\"lazy\" decoding=\"async\" class=\"alignnone size-medium wp-image-64173\" src=\"http:\/\/www.elsindical.com.ar\/notas\/var\/www\/html\/notas\/wp-content\/uploads\/2016\/12\/Daniela-Cardone-mirada-300x194.jpg\" alt=\"\" width=\"300\" height=\"194\" srcset=\"https:\/\/www.elsindical.com.ar\/notas\/var\/www\/html\/notas\/wp-content\/uploads\/2016\/12\/Daniela-Cardone-mirada-300x194.jpg 300w, https:\/\/www.elsindical.com.ar\/notas\/var\/www\/html\/notas\/wp-content\/uploads\/2016\/12\/Daniela-Cardone-mirada-465x300.jpg 465w, https:\/\/www.elsindical.com.ar\/notas\/var\/www\/html\/notas\/wp-content\/uploads\/2016\/12\/Daniela-Cardone-mirada.jpg 680w\" sizes=\"auto, (max-width: 300px) 100vw, 300px\" \/><\/a>\u00a0 Una vez m\u00e1s la morocha enloqueci\u00f3 a todos sus seguidores con una foto s\u00faper \u00abhot\u00bb. En la imagen se ve a la modelo con un colorido tatuaje en su espalda y una diminuta bombacha.<\/em><\/p>\n<p>Daniela Cardone suele compartir fotos muy hot en su cuenta de Instagram y esta vez no fue la excepci\u00f3n. La modelo subi\u00f3 una imagen de su espalda y su ropa interior estrat\u00e9gicamente ubicada.<\/p>\n<p>La mam\u00e1 de Brenda Gandini se mostr\u00f3 con un colorido tatuaje y una diminuta bombacha que no deja nada a la imaginaci\u00f3n.<\/p>\n<p><a href=\"http:\/\/www.elsindical.com.ar\/notas\/var\/www\/html\/notas\/wp-content\/uploads\/2016\/12\/Daniela-Cardone-tanga.jpg\"><img loading=\"lazy\" decoding=\"async\" class=\"alignnone size-medium wp-image-64174\" src=\"http:\/\/www.elsindical.com.ar\/notas\/var\/www\/html\/notas\/wp-content\/uploads\/2016\/12\/Daniela-Cardone-tanga-245x300.jpg\" alt=\"\" width=\"245\" height=\"300\" srcset=\"https:\/\/www.elsindical.com.ar\/notas\/var\/www\/html\/notas\/wp-content\/uploads\/2016\/12\/Daniela-Cardone-tanga-245x300.jpg 245w, https:\/\/www.elsindical.com.ar\/notas\/var\/www\/html\/notas\/wp-content\/uploads\/2016\/12\/Daniela-Cardone-tanga.jpg 738w\" sizes=\"auto, (max-width: 245px) 100vw, 245px\" \/><\/a><\/p>\n","protected":false},"excerpt":{"rendered":"<p>\u00a0 Una vez m\u00e1s la morocha enloqueci\u00f3 a todos sus seguidores con una foto s\u00faper \u00abhot\u00bb. En la imagen se ve a la modelo con un colorido tatuaje en su espalda y una diminuta bombacha. Daniela Cardone suele compartir fotos muy hot en su cuenta de Instagram y esta vez no fue la excepci\u00f3n. La&hellip;<\/p>\n","protected":false},"author":1,"featured_media":0,"comment_status":"open","ping_status":"open","sticky":false,"template":"","format":"standard","meta":{"footnotes":""},"categories":[15],"tags":[24962,24560,2696,24961],"class_list":["post-64172","post","type-post","status-publish","format-standard","hentry","category-espectaculos","tag-brenda-gandini","tag-daniela-cardone","tag-hot","tag-morocha"],"_links":{"self":[{"href":"https:\/\/www.elsindical.com.ar\/notas\/wp-json\/wp\/v2\/posts\/64172","targetHints":{"allow":["GET"]}}],"collection":[{"href":"https:\/\/www.elsindical.com.ar\/notas\/wp-json\/wp\/v2\/posts"}],"about":[{"href":"https:\/\/www.elsindical.com.ar\/notas\/wp-json\/wp\/v2\/types\/post"}],"author":[{"embeddable":true,"href":"https:\/\/www.elsindical.com.ar\/notas\/wp-json\/wp\/v2\/users\/1"}],"replies":[{"embeddable":true,"href":"https:\/\/www.elsindical.com.ar\/notas\/wp-json\/wp\/v2\/comments?post=64172"}],"version-history":[{"count":1,"href":"https:\/\/www.elsindical.com.ar\/notas\/wp-json\/wp\/v2\/posts\/64172\/revisions"}],"predecessor-version":[{"id":64175,"href":"https:\/\/www.elsindical.com.ar\/notas\/wp-json\/wp\/v2\/posts\/64172\/revisions\/64175"}],"wp:attachment":[{"href":"https:\/\/www.elsindical.com.ar\/notas\/wp-json\/wp\/v2\/media?parent=64172"}],"wp:term":[{"taxonomy":"category","embeddable":true,"href":"https:\/\/www.elsindical.com.ar\/notas\/wp-json\/wp\/v2\/categories?post=64172"},{"taxonomy":"post_tag","embeddable":true,"href":"https:\/\/www.elsindical.com.ar\/notas\/wp-json\/wp\/v2\/tags?post=64172"}],"curies":[{"name":"wp","href":"https:\/\/api.w.org\/{rel}","templated":true}]}}