{"id":64130,"date":"2016-12-21T13:51:20","date_gmt":"2016-12-21T16:51:20","guid":{"rendered":"http:\/\/www.elsindical.com.ar\/notas\/?p=64130"},"modified":"2016-12-21T13:51:20","modified_gmt":"2016-12-21T16:51:20","slug":"puerto-madero-muerte-y-misterio-en-el-faena-arts-center","status":"publish","type":"post","link":"https:\/\/www.elsindical.com.ar\/notas\/puerto-madero-muerte-y-misterio-en-el-faena-arts-center\/","title":{"rendered":"Puerto Madero: Muerte y misterio en el Faena Arts Center"},"content":{"rendered":"<p><em><a href=\"http:\/\/www.elsindical.com.ar\/notas\/var\/www\/html\/notas\/wp-content\/uploads\/2016\/12\/Faena-Arts-Center.jpg\"><img loading=\"lazy\" decoding=\"async\" class=\"alignnone size-medium wp-image-64135\" src=\"http:\/\/www.elsindical.com.ar\/notas\/var\/www\/html\/notas\/wp-content\/uploads\/2016\/12\/Faena-Arts-Center-300x200.jpg\" alt=\"\" width=\"300\" height=\"200\" srcset=\"https:\/\/www.elsindical.com.ar\/notas\/var\/www\/html\/notas\/wp-content\/uploads\/2016\/12\/Faena-Arts-Center-300x200.jpg 300w, https:\/\/www.elsindical.com.ar\/notas\/var\/www\/html\/notas\/wp-content\/uploads\/2016\/12\/Faena-Arts-Center-449x300.jpg 449w, https:\/\/www.elsindical.com.ar\/notas\/var\/www\/html\/notas\/wp-content\/uploads\/2016\/12\/Faena-Arts-Center.jpg 620w\" sizes=\"auto, (max-width: 300px) 100vw, 300px\" \/><\/a>\u00a0 Una misteriosa muerte en pleno coraz\u00f3n del exclusivo barrio de Puerto Madero, pone en el centro de todas las miradas al Faena Arts Center, ya que all\u00ed el d\u00eda domingo, durante una fiesta una joven aparentemente cay\u00f3 por las escaleras golpeando su cabeza, quedando inconsciente y muriendo en un sanatorio.<\/em><\/p>\n<p>La joven rusa Mar\u00eda Kouznetsova, de 27 a\u00f1os y estudiante de abogac\u00eda en la UBA,\u00a0muri\u00f3 seg\u00fan las primeras versiones por el trauma provocado por la ca\u00edda, Mar\u00eda trabajaba en uno de los estudios jur\u00eddicos m\u00e1s importantes Marval, O\u00b4Farrell &amp; Mairal, los que en un comunicado expresaron su dolor y acompa\u00f1amiento a la familia.<\/p>\n<p>Masha, como le dec\u00edan sus \u00edntimos, viv\u00eda con sus padres en Recoleta, en un departamento de la calle Vicente L\u00f3pez al 2200 y para los vecinos era \u00abla chica de los tatuajes\u00bb, por la cantidad de grabados en su cuerpo.<\/p>\n<p>El accidente se habr\u00eda producido cerca de las 22:00 hs. en medio de la fiesta de fin de a\u00f1o del estudio de abogados donde trabajaba, estudio que m\u00e1s all\u00e1 del comunicado y el anuncio en la secci\u00f3n f\u00fanebre no ha dado una sola opini\u00f3n de lo ocurrido o mostrado preocupaci\u00f3n en que se determine la forma de la muerte, id\u00e9ntica conducta ha demostrado la empresa que administra el lugar, \u00abEl Grupo Faena expresa sus m\u00e1s profundas condolencias a los familiares y amigos de Masha Kouznetsova\u00bb, comienza el comunicado \u00abEl incidente sucedi\u00f3 en las escaleras exteriores del Faena Arts Center mientras ella se retiraba de un evento privado; a partir de lo cual recibi\u00f3 atenci\u00f3n m\u00e9dica de emergencia y fue trasladada con vida a un centro m\u00e9dico\u00bb, explic\u00f3 la empresa.<\/p>\n<p>\u00abLa compa\u00f1\u00eda se encuentra colaborando paso a paso con la justicia e informa que cumple con todas las obligaciones legales desde el punto de vista reglamentario\u00bb, agreg\u00f3.<\/p>\n<p>Es de esperar que la justicia tenga la transparencia y la profesionalidad requerida para clarificar esta muerte, hay muchos puntos que no son del todo claros, no es habitual que una ca\u00edda de este tipo produzca la muerte, ni tampoco el mecanismo de como supuestamente se produjo la ca\u00edda, ambas empresas hoy est\u00e1n m\u00e1s preocupadas en su imagen que en determinar que provoc\u00f3 la ca\u00edda de la joven de la forma en que cay\u00f3 y los motivos de su muerte.<\/p>\n<p>La mujer fue trasladada inmediatamente en una ambulancia privada hasta el hospital Argerich y m\u00e1s tarde fue derivada a la Cl\u00ednica Bazterrica, donde una hora m\u00e1s tarde falleci\u00f3 a causa de un fuerte traumatismo de cr\u00e1neo.<\/p>\n<p>La investigaci\u00f3n qued\u00f3 a cargo de la Comisar\u00eda N\u00ba 53 y la Fiscal\u00eda de Instrucci\u00f3n N\u00ba 14 de la Ciudad Aut\u00f3noma de Buenos Aires a cargo del Dr. Andr\u00e9s Madrea, que determin\u00f3 clausurar preventivamente el Faena Arts Center. A\u00fan queda por determinar si la ca\u00edda de la joven fue producto de un accidente o de alg\u00fan tipo de agresi\u00f3n.<\/p>\n<p><a href=\"http:\/\/www.elsindical.com.ar\/notas\/var\/www\/html\/notas\/wp-content\/uploads\/2016\/12\/Mar\u00eda-Kouznetsova.jpg\"><img loading=\"lazy\" decoding=\"async\" class=\"alignnone size-medium wp-image-64134\" src=\"http:\/\/www.elsindical.com.ar\/notas\/var\/www\/html\/notas\/wp-content\/uploads\/2016\/12\/Mar\u00eda-Kouznetsova-300x200.jpg\" alt=\"\" width=\"300\" height=\"200\" srcset=\"https:\/\/www.elsindical.com.ar\/notas\/var\/www\/html\/notas\/wp-content\/uploads\/2016\/12\/Mar\u00eda-Kouznetsova-300x200.jpg 300w, https:\/\/www.elsindical.com.ar\/notas\/var\/www\/html\/notas\/wp-content\/uploads\/2016\/12\/Mar\u00eda-Kouznetsova-450x300.jpg 450w, https:\/\/www.elsindical.com.ar\/notas\/var\/www\/html\/notas\/wp-content\/uploads\/2016\/12\/Mar\u00eda-Kouznetsova.jpg 738w\" sizes=\"auto, (max-width: 300px) 100vw, 300px\" \/><\/a> <a href=\"http:\/\/www.elsindical.com.ar\/notas\/var\/www\/html\/notas\/wp-content\/uploads\/2016\/12\/Mar\u00eda-Kouznetsova-2.jpg\"><img loading=\"lazy\" decoding=\"async\" class=\"alignnone size-medium wp-image-64133\" src=\"http:\/\/www.elsindical.com.ar\/notas\/var\/www\/html\/notas\/wp-content\/uploads\/2016\/12\/Mar\u00eda-Kouznetsova-2-168x300.jpg\" alt=\"\" width=\"168\" height=\"300\" srcset=\"https:\/\/www.elsindical.com.ar\/notas\/var\/www\/html\/notas\/wp-content\/uploads\/2016\/12\/Mar\u00eda-Kouznetsova-2-168x300.jpg 168w, https:\/\/www.elsindical.com.ar\/notas\/var\/www\/html\/notas\/wp-content\/uploads\/2016\/12\/Mar\u00eda-Kouznetsova-2.jpg 531w\" sizes=\"auto, (max-width: 168px) 100vw, 168px\" \/><\/a> <a href=\"http:\/\/www.elsindical.com.ar\/notas\/var\/www\/html\/notas\/wp-content\/uploads\/2016\/12\/Mar\u00eda-Kouznetsova-3.jpg\"><img loading=\"lazy\" decoding=\"async\" class=\"alignnone size-medium wp-image-64132\" src=\"http:\/\/www.elsindical.com.ar\/notas\/var\/www\/html\/notas\/wp-content\/uploads\/2016\/12\/Mar\u00eda-Kouznetsova-3-200x300.jpg\" alt=\"\" width=\"200\" height=\"300\" srcset=\"https:\/\/www.elsindical.com.ar\/notas\/var\/www\/html\/notas\/wp-content\/uploads\/2016\/12\/Mar\u00eda-Kouznetsova-3-200x300.jpg 200w, https:\/\/www.elsindical.com.ar\/notas\/var\/www\/html\/notas\/wp-content\/uploads\/2016\/12\/Mar\u00eda-Kouznetsova-3.jpg 531w\" sizes=\"auto, (max-width: 200px) 100vw, 200px\" \/><\/a> <a href=\"http:\/\/www.elsindical.com.ar\/notas\/var\/www\/html\/notas\/wp-content\/uploads\/2016\/12\/Mar\u00eda-Kouznetsova-4.jpg\"><img loading=\"lazy\" decoding=\"async\" class=\"alignnone size-medium wp-image-64131\" src=\"http:\/\/www.elsindical.com.ar\/notas\/var\/www\/html\/notas\/wp-content\/uploads\/2016\/12\/Mar\u00eda-Kouznetsova-4-200x300.jpg\" alt=\"\" width=\"200\" height=\"300\" srcset=\"https:\/\/www.elsindical.com.ar\/notas\/var\/www\/html\/notas\/wp-content\/uploads\/2016\/12\/Mar\u00eda-Kouznetsova-4-200x300.jpg 200w, https:\/\/www.elsindical.com.ar\/notas\/var\/www\/html\/notas\/wp-content\/uploads\/2016\/12\/Mar\u00eda-Kouznetsova-4.jpg 531w\" sizes=\"auto, (max-width: 200px) 100vw, 200px\" \/><\/a><\/p>\n","protected":false},"excerpt":{"rendered":"<p>\u00a0 Una misteriosa muerte en pleno coraz\u00f3n del exclusivo barrio de Puerto Madero, pone en el centro de todas las miradas al Faena Arts Center, ya que all\u00ed el d\u00eda domingo, durante una fiesta una joven aparentemente cay\u00f3 por las escaleras golpeando su cabeza, quedando inconsciente y muriendo en un sanatorio. La joven rusa Mar\u00eda&hellip;<\/p>\n","protected":false},"author":1,"featured_media":0,"comment_status":"open","ping_status":"open","sticky":false,"template":"","format":"standard","meta":{"footnotes":""},"categories":[22],"tags":[20921,760,24952,24951,24953,24954,3499,1885],"class_list":["post-64130","post","type-post","status-publish","format-standard","hentry","category-policiales","tag-abogacia","tag-abogados","tag-faena-arts-center","tag-maria-kouznetsova","tag-marval","tag-ofarrel-mairal","tag-puerto-madero","tag-uba"],"_links":{"self":[{"href":"https:\/\/www.elsindical.com.ar\/notas\/wp-json\/wp\/v2\/posts\/64130","targetHints":{"allow":["GET"]}}],"collection":[{"href":"https:\/\/www.elsindical.com.ar\/notas\/wp-json\/wp\/v2\/posts"}],"about":[{"href":"https:\/\/www.elsindical.com.ar\/notas\/wp-json\/wp\/v2\/types\/post"}],"author":[{"embeddable":true,"href":"https:\/\/www.elsindical.com.ar\/notas\/wp-json\/wp\/v2\/users\/1"}],"replies":[{"embeddable":true,"href":"https:\/\/www.elsindical.com.ar\/notas\/wp-json\/wp\/v2\/comments?post=64130"}],"version-history":[{"count":1,"href":"https:\/\/www.elsindical.com.ar\/notas\/wp-json\/wp\/v2\/posts\/64130\/revisions"}],"predecessor-version":[{"id":64136,"href":"https:\/\/www.elsindical.com.ar\/notas\/wp-json\/wp\/v2\/posts\/64130\/revisions\/64136"}],"wp:attachment":[{"href":"https:\/\/www.elsindical.com.ar\/notas\/wp-json\/wp\/v2\/media?parent=64130"}],"wp:term":[{"taxonomy":"category","embeddable":true,"href":"https:\/\/www.elsindical.com.ar\/notas\/wp-json\/wp\/v2\/categories?post=64130"},{"taxonomy":"post_tag","embeddable":true,"href":"https:\/\/www.elsindical.com.ar\/notas\/wp-json\/wp\/v2\/tags?post=64130"}],"curies":[{"name":"wp","href":"https:\/\/api.w.org\/{rel}","templated":true}]}}