{"id":64043,"date":"2016-12-16T21:24:20","date_gmt":"2016-12-17T00:24:20","guid":{"rendered":"http:\/\/www.elsindical.com.ar\/notas\/?p=64043"},"modified":"2016-12-16T21:24:20","modified_gmt":"2016-12-17T00:24:20","slug":"super-sexy-natalia-oreiro-lanzo-el-video-de-corazon-valiente","status":"publish","type":"post","link":"https:\/\/www.elsindical.com.ar\/notas\/super-sexy-natalia-oreiro-lanzo-el-video-de-corazon-valiente\/","title":{"rendered":"S\u00faper sexy, Natalia Oreiro lanz\u00f3 el video de \u00abCoraz\u00f3n Valiente\u00bb"},"content":{"rendered":"<p><em><a href=\"http:\/\/www.elsindical.com.ar\/notas\/var\/www\/html\/notas\/wp-content\/uploads\/2016\/12\/Natalia-Oreiro-coraz\u00f3n-valiente.jpg\"><img loading=\"lazy\" decoding=\"async\" class=\"alignnone size-medium wp-image-64044\" src=\"http:\/\/www.elsindical.com.ar\/notas\/var\/www\/html\/notas\/wp-content\/uploads\/2016\/12\/Natalia-Oreiro-coraz\u00f3n-valiente-300x169.jpg\" alt=\"\" width=\"300\" height=\"169\" srcset=\"https:\/\/www.elsindical.com.ar\/notas\/var\/www\/html\/notas\/wp-content\/uploads\/2016\/12\/Natalia-Oreiro-coraz\u00f3n-valiente-300x169.jpg 300w, https:\/\/www.elsindical.com.ar\/notas\/var\/www\/html\/notas\/wp-content\/uploads\/2016\/12\/Natalia-Oreiro-coraz\u00f3n-valiente-500x281.jpg 500w, https:\/\/www.elsindical.com.ar\/notas\/var\/www\/html\/notas\/wp-content\/uploads\/2016\/12\/Natalia-Oreiro-coraz\u00f3n-valiente.jpg 642w\" sizes=\"auto, (max-width: 300px) 100vw, 300px\" \/><\/a>\u00a0 Luego del \u00e9xito de la pel\u00edcula sobre la vida de Gilda, la actriz uruguaya present\u00f3 el clip de la canci\u00f3n \u00abCoraz\u00f3n Valiente\u00bb, que grab\u00f3 junto a su compatriota Rub\u00e9n Rada.<\/em><\/p>\n<p>Natalia Oreiro present\u00f3 el video de \u00abCoraz\u00f3n Valiente\u00bb, uno de los hits de Gilda, con la participaci\u00f3n de su compatriota Rub\u00e9n Rada.<\/p>\n<p>El clip se realiz\u00f3 bajo la direcci\u00f3n de Claudio Divella sobre una idea de \u00e9l y de Oreiro. La filmaci\u00f3n se llev\u00f3 a cabo en el museo Ferroviario Scalabrini Ortiz de la Ciudad de Buenos Aires.<\/p>\n<p>La historia transcurre en los vagones de los antiguos trenes y cont\u00f3 con la participaci\u00f3n especial de Rub\u00e9n Rada, quien tambi\u00e9n grab\u00f3 la canci\u00f3n en el \u00e1lbum y vino especialmente desde Uruguay para estar en el video clip.<\/p>\n<p>En el video se aprecia a Oreiro m\u00e1s seductora que nunca y la acompa\u00f1an m\u00e1s de 10 bailarines en distintas escenas.<\/p>\n<p>Natalia se presentar\u00e1 el 18 de diciembre en su Uruguay natal en el Teatro de Verano al aire libre y en otros festivales de verano en Argentina con su show \u201cCumbia and Hits\u201d, un megashow sin igual en el que, a 20 a\u00f1os del aniversario de la muerte de Gilda, Oreiro interpretar\u00e1 todos los \u00e9xitos de la estrella argentina de la m\u00fasica popular.<\/p>\n<p><iframe loading=\"lazy\" src=\"https:\/\/www.youtube.com\/embed\/LEnyK5W_qn4\" width=\"580\" height=\"420\" frameborder=\"0\" allowfullscreen=\"allowfullscreen\"><\/iframe><\/p>\n","protected":false},"excerpt":{"rendered":"<p>\u00a0 Luego del \u00e9xito de la pel\u00edcula sobre la vida de Gilda, la actriz uruguaya present\u00f3 el clip de la canci\u00f3n \u00abCoraz\u00f3n Valiente\u00bb, que grab\u00f3 junto a su compatriota Rub\u00e9n Rada. Natalia Oreiro present\u00f3 el video de \u00abCoraz\u00f3n Valiente\u00bb, uno de los hits de Gilda, con la participaci\u00f3n de su compatriota Rub\u00e9n Rada. El clip&hellip;<\/p>\n","protected":false},"author":1,"featured_media":0,"comment_status":"open","ping_status":"open","sticky":false,"template":"","format":"standard","meta":{"footnotes":""},"categories":[15],"tags":[24930,8138,2004,368],"class_list":["post-64043","post","type-post","status-publish","format-standard","hentry","category-espectaculos","tag-corazon-valiente","tag-gilda","tag-sexy","tag-video"],"_links":{"self":[{"href":"https:\/\/www.elsindical.com.ar\/notas\/wp-json\/wp\/v2\/posts\/64043","targetHints":{"allow":["GET"]}}],"collection":[{"href":"https:\/\/www.elsindical.com.ar\/notas\/wp-json\/wp\/v2\/posts"}],"about":[{"href":"https:\/\/www.elsindical.com.ar\/notas\/wp-json\/wp\/v2\/types\/post"}],"author":[{"embeddable":true,"href":"https:\/\/www.elsindical.com.ar\/notas\/wp-json\/wp\/v2\/users\/1"}],"replies":[{"embeddable":true,"href":"https:\/\/www.elsindical.com.ar\/notas\/wp-json\/wp\/v2\/comments?post=64043"}],"version-history":[{"count":1,"href":"https:\/\/www.elsindical.com.ar\/notas\/wp-json\/wp\/v2\/posts\/64043\/revisions"}],"predecessor-version":[{"id":64045,"href":"https:\/\/www.elsindical.com.ar\/notas\/wp-json\/wp\/v2\/posts\/64043\/revisions\/64045"}],"wp:attachment":[{"href":"https:\/\/www.elsindical.com.ar\/notas\/wp-json\/wp\/v2\/media?parent=64043"}],"wp:term":[{"taxonomy":"category","embeddable":true,"href":"https:\/\/www.elsindical.com.ar\/notas\/wp-json\/wp\/v2\/categories?post=64043"},{"taxonomy":"post_tag","embeddable":true,"href":"https:\/\/www.elsindical.com.ar\/notas\/wp-json\/wp\/v2\/tags?post=64043"}],"curies":[{"name":"wp","href":"https:\/\/api.w.org\/{rel}","templated":true}]}}