{"id":64021,"date":"2016-12-16T12:28:43","date_gmt":"2016-12-16T15:28:43","guid":{"rendered":"http:\/\/www.elsindical.com.ar\/notas\/?p=64021"},"modified":"2016-12-16T12:28:43","modified_gmt":"2016-12-16T15:28:43","slug":"mar-del-plata-detienen-a-un-hombre-de-59-anos-por-violar-a-una-nena-de-12","status":"publish","type":"post","link":"https:\/\/www.elsindical.com.ar\/notas\/mar-del-plata-detienen-a-un-hombre-de-59-anos-por-violar-a-una-nena-de-12\/","title":{"rendered":"Mar del Plata: Detienen a un hombre de 59 a\u00f1os por violar a una nena de 12"},"content":{"rendered":"<p><em>\u00a0<a href=\"http:\/\/www.elsindical.com.ar\/notas\/var\/www\/html\/notas\/wp-content\/uploads\/2016\/12\/violaci\u00f3n-campo-Mar-del-Plata.jpg\"><img loading=\"lazy\" decoding=\"async\" class=\"alignnone size-medium wp-image-64022\" src=\"http:\/\/www.elsindical.com.ar\/notas\/var\/www\/html\/notas\/wp-content\/uploads\/2016\/12\/violaci\u00f3n-campo-Mar-del-Plata-300x169.jpg\" alt=\"\" width=\"300\" height=\"169\" srcset=\"https:\/\/www.elsindical.com.ar\/notas\/var\/www\/html\/notas\/wp-content\/uploads\/2016\/12\/violaci\u00f3n-campo-Mar-del-Plata-300x169.jpg 300w, https:\/\/www.elsindical.com.ar\/notas\/var\/www\/html\/notas\/wp-content\/uploads\/2016\/12\/violaci\u00f3n-campo-Mar-del-Plata-768x432.jpg 768w, https:\/\/www.elsindical.com.ar\/notas\/var\/www\/html\/notas\/wp-content\/uploads\/2016\/12\/violaci\u00f3n-campo-Mar-del-Plata-500x281.jpg 500w, https:\/\/www.elsindical.com.ar\/notas\/var\/www\/html\/notas\/wp-content\/uploads\/2016\/12\/violaci\u00f3n-campo-Mar-del-Plata.jpg 929w\" sizes=\"auto, (max-width: 300px) 100vw, 300px\" \/><\/a>\u00a0 Una ni\u00f1a de 12 a\u00f1os fue violada por un hombre en un descampado cercano a la zona de quintas, al oeste de la ciudad de Mar del Plata, donde la polic\u00eda detuvo al atacante, informaron hoy fuentes de la investigaci\u00f3n.<\/em><\/p>\n<p>Los investigadores intentan determinar c\u00f3mo logr\u00f3 el hombre, de 59 a\u00f1os, llevar a la ni\u00f1a a esa zona para violarla en la tarde de ayer, y en especial si la menor de edad fue entregada por un familiar para que fuera sometida sexualmente, informa la agencia de noticias DyN.<\/p>\n<p>De acuerdo a las fuentes, la polic\u00eda se enter\u00f3 del ataque por un llamado an\u00f3nimo al tel\u00e9fono de emergencias 911 que report\u00f3 que entre los pastizales del paraje El Boquer\u00f3n, al sur de Bat\u00e1n y a unos 18 kil\u00f3metros al oeste de Mar del Plata, hab\u00eda un hombre mayor junto a una ni\u00f1a.<\/p>\n<p>Tras el aviso, personal policial lleg\u00f3 hasta el sitio y encontr\u00f3 al hombre y a la ni\u00f1a en un matorral de una quinta ubicada cerca de la ruta 88, por lo que de inmediato arrest\u00f3 al mayor de edad.<\/p>\n<p>Fuentes vinculadas a la investigaci\u00f3n se\u00f1alaron que el fiscal Juan Pablo L\u00f3dola, que abri\u00f3 la causa, hizo hincapi\u00e9 en que se logre determinar c\u00f3mo el hombre logr\u00f3 llevar a la ni\u00f1a hasta ese lugar, ya que no tienen parentesco ni vinculaci\u00f3n social.<\/p>\n<p>Por ello, los investigadores analizan la posibilidad de que la ni\u00f1a haya sido \u00abentregada\u00bb por alg\u00fan familiar para que el hombre pudiera abusar de ella, a\u00f1adieron las fuentes.<\/p>\n<p>El hombre fue trasladado tras su arresto a la Unidad Penal 44 de Bat\u00e1n.<\/p>\n<p>En la ma\u00f1ana de este martes fue llevado a Tribunales para ser notificado de las acusaciones en su contra, pero cuando el fiscal intent\u00f3 tomarle declaraci\u00f3n indagatoria el hombre se neg\u00f3 a hablar.<\/p>\n<p>A su vez, la v\u00edctima fue asistida en la Comisar\u00eda de la Mujer por polic\u00edas especializados en cuestiones de abuso, a la vez que comenz\u00f3 a recibir asistencia psicol\u00f3gica.<\/p>\n<p>En la zona donde fue hallada la ni\u00f1a hay pocas viviendas, la mayor\u00eda de quinteros que trabajan all\u00ed, arbustos, pastizales y un camino terroso de baja circulaci\u00f3n de tr\u00e1nsito.<\/p>\n<p>El fiscal dispuso que el hombre, cuya identidad no fue dada a conocer a la prensa, siga detenido en el penal de Bat\u00e1n a la espera del avance de la investigaci\u00f3n.<\/p>\n<p>En ese marco, orden\u00f3 un estudio socioambiental sobre la familia de la ni\u00f1a y pidi\u00f3 tomar testimonio a los responsables de la menor de edad.<\/p>\n<p>&nbsp;<\/p>\n<p><strong>Foto: Gentileza web El D\u00eda de Mar del Plata<\/strong><\/p>\n","protected":false},"excerpt":{"rendered":"<p>\u00a0\u00a0 Una ni\u00f1a de 12 a\u00f1os fue violada por un hombre en un descampado cercano a la zona de quintas, al oeste de la ciudad de Mar del Plata, donde la polic\u00eda detuvo al atacante, informaron hoy fuentes de la investigaci\u00f3n. Los investigadores intentan determinar c\u00f3mo logr\u00f3 el hombre, de 59 a\u00f1os, llevar a la&hellip;<\/p>\n","protected":false},"author":1,"featured_media":0,"comment_status":"open","ping_status":"open","sticky":false,"template":"","format":"standard","meta":{"footnotes":""},"categories":[22],"tags":[24925,1673,4109],"class_list":["post-64021","post","type-post","status-publish","format-standard","hentry","category-policiales","tag-el-boqueron","tag-mar-del-plata","tag-nina"],"_links":{"self":[{"href":"https:\/\/www.elsindical.com.ar\/notas\/wp-json\/wp\/v2\/posts\/64021","targetHints":{"allow":["GET"]}}],"collection":[{"href":"https:\/\/www.elsindical.com.ar\/notas\/wp-json\/wp\/v2\/posts"}],"about":[{"href":"https:\/\/www.elsindical.com.ar\/notas\/wp-json\/wp\/v2\/types\/post"}],"author":[{"embeddable":true,"href":"https:\/\/www.elsindical.com.ar\/notas\/wp-json\/wp\/v2\/users\/1"}],"replies":[{"embeddable":true,"href":"https:\/\/www.elsindical.com.ar\/notas\/wp-json\/wp\/v2\/comments?post=64021"}],"version-history":[{"count":1,"href":"https:\/\/www.elsindical.com.ar\/notas\/wp-json\/wp\/v2\/posts\/64021\/revisions"}],"predecessor-version":[{"id":64023,"href":"https:\/\/www.elsindical.com.ar\/notas\/wp-json\/wp\/v2\/posts\/64021\/revisions\/64023"}],"wp:attachment":[{"href":"https:\/\/www.elsindical.com.ar\/notas\/wp-json\/wp\/v2\/media?parent=64021"}],"wp:term":[{"taxonomy":"category","embeddable":true,"href":"https:\/\/www.elsindical.com.ar\/notas\/wp-json\/wp\/v2\/categories?post=64021"},{"taxonomy":"post_tag","embeddable":true,"href":"https:\/\/www.elsindical.com.ar\/notas\/wp-json\/wp\/v2\/tags?post=64021"}],"curies":[{"name":"wp","href":"https:\/\/api.w.org\/{rel}","templated":true}]}}