{"id":63967,"date":"2016-12-13T15:35:54","date_gmt":"2016-12-13T18:35:54","guid":{"rendered":"http:\/\/www.elsindical.com.ar\/notas\/?p=63967"},"modified":"2016-12-14T09:40:32","modified_gmt":"2016-12-14T12:40:32","slug":"llavallol-ante-la-falta-de-pago-trabajadores-de-canale-realizaran-un-festival-para-recaudar-fondos","status":"publish","type":"post","link":"https:\/\/www.elsindical.com.ar\/notas\/llavallol-ante-la-falta-de-pago-trabajadores-de-canale-realizaran-un-festival-para-recaudar-fondos\/","title":{"rendered":"Llavallol: Ante la falta de pago, trabajadores de Canale realizar\u00e1n un festival para recaudar fondos"},"content":{"rendered":"<p><em>\u00a0<a href=\"http:\/\/www.elsindical.com.ar\/notas\/var\/www\/html\/notas\/wp-content\/uploads\/2016\/12\/Canale-Llavallol.png\"><img loading=\"lazy\" decoding=\"async\" class=\"alignnone size-medium wp-image-63968\" src=\"http:\/\/www.elsindical.com.ar\/notas\/var\/www\/html\/notas\/wp-content\/uploads\/2016\/12\/Canale-Llavallol-300x199.png\" alt=\"\" width=\"300\" height=\"199\" srcset=\"https:\/\/www.elsindical.com.ar\/notas\/var\/www\/html\/notas\/wp-content\/uploads\/2016\/12\/Canale-Llavallol-300x199.png 300w, https:\/\/www.elsindical.com.ar\/notas\/var\/www\/html\/notas\/wp-content\/uploads\/2016\/12\/Canale-Llavallol-452x300.png 452w, https:\/\/www.elsindical.com.ar\/notas\/var\/www\/html\/notas\/wp-content\/uploads\/2016\/12\/Canale-Llavallol.png 640w\" sizes=\"auto, (max-width: 300px) 100vw, 300px\" \/><\/a> Los trabajadores de empresa alimenticia llevar\u00e1n adelante un festival solidario el s\u00e1bado 17 de diciembre en Santa Catalina 184, Llavallol, con el fin de recaudar fondos para cubrir las necesidades b\u00e1sicas ante la continuidad del conflicto laboral ante la deuda de sueldos ante la falta de pago de parte de la empresa. La actividad servir\u00e1 adem\u00e1s para poder visibilizar el problema.<\/em><\/p>\n<p>Nicol\u00e1s Macchi, delegado de la planta, asegur\u00f3 que \u201cla idea del festival es difundir principalmente la problem\u00e1tica de la empresa, y vender cosas para recaudar fondos para cubrir las situaciones b\u00e1sicas y puntuales de compa\u00f1eros\u201d.<\/p>\n<p>\u201cHay compa\u00f1eros que est\u00e1n haciendo changas o buscan la manera de sobrellevar la situaci\u00f3n, pero algunos son el \u00fanico sost\u00e9n de la familia o tienen enfermedades que necesitamos tener una caja chica para cubrir eso\u201d inform\u00f3, dado que la empresa les debe dos meses y medio de sueldo y no le dan una soluci\u00f3n al problema. Tambi\u00e9n, entre las distintas acciones que se van a llevar a cabo el 17 de este mes, est\u00e1 la idea de hacer una radio abierta \u201cpara que los compa\u00f1eros puedan expresarse\u201d, enfatiz\u00f3.<\/p>\n<p>Si bien Macchi afirm\u00f3 que la crisis en Canale viene desde hace m\u00e1s de dos a\u00f1os, \u201cahora estamos hace dos meses y medio sin cobrar y no hay producci\u00f3n, as\u00ed que no tenemos bien de d\u00f3nde agarrarnos para luchar contra la empresa\u201d, por lo que decidieron\u201csalir en los medios, comprometer al sindicato, tratar de llegar a la opini\u00f3n p\u00fablica, que se haga cargo alg\u00fan funcionario o alguien que nos pueda dar una mano\u201d.<\/p>\n<p>Por otro lado, denunci\u00f3 que el gremio tiene congeladas las paritarias desde el 2014. \u201cEso nos gener\u00f3 una p\u00e9rdida mensual de 5 mil pesos m\u00e1s el atraso de los sueldos. Es una locura tener trabajadores durante tres meses sin cobrar\u201d. Adem\u00e1s, asegura que el sentimiento en el que est\u00e1n sumergidos con sus compa\u00f1eros es alarmante. \u201cLa angustia viene por la impotencia de que nadie te da una mano, nadie te escucha, te sent\u00eds desprotegido como laburante, te sent\u00eds solo\u201d, afirm\u00f3.<\/p>\n<p>La empresa asegura que va a ser vendida, que hay inversiones, \u201cpero eso ya viene desde el a\u00f1o pasado\u201d, y no hay ninguna soluci\u00f3n a su problema como trabajadores, se\u00f1al\u00f3. \u201cEl a\u00f1o pasado hubo una presentaci\u00f3n de crisis que no fue aprobado por el Gobierno, por suerte, porque eso implica despidos y abusos laborales, que de igual manera lo hicieron. Estuvimos tres meses sin cobrar el a\u00f1o pasado, este a\u00f1o otros tres meses y esas deudas las saldaron con el pr\u00e9stamo del Estado que en realidad no era para saldar sueldos, sino para ponerse a producir, y nunca lo hicieron\u201d, asegur\u00f3.<\/p>\n<p>\u201cLa idea era cobrar los sueldos con trabajo genuino. Tenemos potencial ac\u00e1 en Llavallol para hacer un mont\u00f3n de cosas y los due\u00f1os se cerraron en hacer s\u00f3lo conservas, eso nos jug\u00f3 en contra, no trabajar para terceras marcas\u201d, indic\u00f3 Macchi, quien asegur\u00f3 que los fondos con los que cuenta la empresa no est\u00e1n siendo destinados a mejorar la producci\u00f3n y as\u00ed generar mayores ingresos que le permita abonar los sueldos en tiempo y forma.<\/p>\n<p>Adem\u00e1s, \u201cen este tiempo perdimos un mont\u00f3n de conquistas que ten\u00edamos ac\u00e1\u201d, denunci\u00f3 el dirigente gremial. \u201cNos sacaron un mont\u00f3n de cosas, como porcentajes de producci\u00f3n, el comedor interno, servicio de enfermer\u00eda. Del a\u00f1o pasado a este perdimos 40 puestos de trabajo y venimos con una sangr\u00eda en que los compa\u00f1eros que se jubilan no se reponen los trabajadores\u201d, asegur\u00f3.<\/p>\n","protected":false},"excerpt":{"rendered":"<p>\u00a0 Los trabajadores de empresa alimenticia llevar\u00e1n adelante un festival solidario el s\u00e1bado 17 de diciembre en Santa Catalina 184, Llavallol, con el fin de recaudar fondos para cubrir las necesidades b\u00e1sicas ante la continuidad del conflicto laboral ante la deuda de sueldos ante la falta de pago de parte de la empresa. La actividad&hellip;<\/p>\n","protected":false},"author":1,"featured_media":0,"comment_status":"open","ping_status":"open","sticky":false,"template":"","format":"standard","meta":{"footnotes":""},"categories":[16],"tags":[24909,2065,21017,125],"class_list":["post-63967","post","type-post","status-publish","format-standard","hentry","category-gremiales","tag-canale","tag-festival","tag-llavallol","tag-trabajadores"],"_links":{"self":[{"href":"https:\/\/www.elsindical.com.ar\/notas\/wp-json\/wp\/v2\/posts\/63967","targetHints":{"allow":["GET"]}}],"collection":[{"href":"https:\/\/www.elsindical.com.ar\/notas\/wp-json\/wp\/v2\/posts"}],"about":[{"href":"https:\/\/www.elsindical.com.ar\/notas\/wp-json\/wp\/v2\/types\/post"}],"author":[{"embeddable":true,"href":"https:\/\/www.elsindical.com.ar\/notas\/wp-json\/wp\/v2\/users\/1"}],"replies":[{"embeddable":true,"href":"https:\/\/www.elsindical.com.ar\/notas\/wp-json\/wp\/v2\/comments?post=63967"}],"version-history":[{"count":1,"href":"https:\/\/www.elsindical.com.ar\/notas\/wp-json\/wp\/v2\/posts\/63967\/revisions"}],"predecessor-version":[{"id":63969,"href":"https:\/\/www.elsindical.com.ar\/notas\/wp-json\/wp\/v2\/posts\/63967\/revisions\/63969"}],"wp:attachment":[{"href":"https:\/\/www.elsindical.com.ar\/notas\/wp-json\/wp\/v2\/media?parent=63967"}],"wp:term":[{"taxonomy":"category","embeddable":true,"href":"https:\/\/www.elsindical.com.ar\/notas\/wp-json\/wp\/v2\/categories?post=63967"},{"taxonomy":"post_tag","embeddable":true,"href":"https:\/\/www.elsindical.com.ar\/notas\/wp-json\/wp\/v2\/tags?post=63967"}],"curies":[{"name":"wp","href":"https:\/\/api.w.org\/{rel}","templated":true}]}}