{"id":63936,"date":"2016-12-12T14:08:02","date_gmt":"2016-12-12T17:08:02","guid":{"rendered":"http:\/\/www.elsindical.com.ar\/notas\/?p=63936"},"modified":"2016-12-12T14:08:02","modified_gmt":"2016-12-12T17:08:02","slug":"macri-fue-denunciado-por-traicion-a-la-patria-y-violacion-a-los-deberes-de-funcionario-publico","status":"publish","type":"post","link":"https:\/\/www.elsindical.com.ar\/notas\/macri-fue-denunciado-por-traicion-a-la-patria-y-violacion-a-los-deberes-de-funcionario-publico\/","title":{"rendered":"Macri fue denunciado por traici\u00f3n a la patria y violaci\u00f3n a los deberes de funcionario p\u00fablico"},"content":{"rendered":"<p><a href=\"http:\/\/www.elsindical.com.ar\/notas\/var\/www\/html\/notas\/wp-content\/uploads\/2016\/11\/Mauricio-Macri-presidente-anuncios.jpg\"><img loading=\"lazy\" decoding=\"async\" class=\"alignnone size-medium wp-image-63425\" src=\"http:\/\/www.elsindical.com.ar\/notas\/var\/www\/html\/notas\/wp-content\/uploads\/2016\/11\/Mauricio-Macri-presidente-anuncios-300x169.jpg\" alt=\"\" width=\"300\" height=\"169\" srcset=\"https:\/\/www.elsindical.com.ar\/notas\/var\/www\/html\/notas\/wp-content\/uploads\/2016\/11\/Mauricio-Macri-presidente-anuncios-300x169.jpg 300w, https:\/\/www.elsindical.com.ar\/notas\/var\/www\/html\/notas\/wp-content\/uploads\/2016\/11\/Mauricio-Macri-presidente-anuncios-500x281.jpg 500w, https:\/\/www.elsindical.com.ar\/notas\/var\/www\/html\/notas\/wp-content\/uploads\/2016\/11\/Mauricio-Macri-presidente-anuncios.jpg 620w\" sizes=\"auto, (max-width: 300px) 100vw, 300px\" \/><\/a> El Fiscal Federal Federico Delgado, impuls\u00f3 ante el Juez Sebasti\u00e1n Casanello, la denuncia presentada por los directivos del Instituto \u201cArturo E. Sampay\u201d, contra el presidente Mauricio Macri, su jefe de Gabinete, la totalidad de su equipo econ\u00f3mico y los diputados y senadores que votaron la ley que posibilit\u00f3 el pago a los fondos buitre, por los delitos de \u201cTraici\u00f3n a la patria, administraci\u00f3n fraudulenta en perjuicio del Estado Nacional y violaci\u00f3n a los deberes de funcionario p\u00fablico\u201d.<\/p>\n<p>Por dictamen de fecha 22 de noviembre de 2016, el Fiscal Federal Federico Delgado, impulsa la Causa N\u00ba 2752\/2016, en tr\u00e1mite ante el Juzgado en lo Criminal y Correcciones Federal N\u00ba7, a cargo del Juez Sebasti\u00e1n Casanello, la denuncia presentada el pasado 14 de marzo por Jorge Cholvis, Eduardo Barcesat y Ar\u00edstides Corti, directivos del Instituto \u201cArturo E. Sampay\u201d, contra el Presidente de la Naci\u00f3n, su jefe de Gabinete, el Ministro de Hacienda y Finanzas junto a los funcionarios que lo circundan en esa cartera, y a los diputados y senadores que prestaron su voto para la aprobaci\u00f3n de la ley 27.249, que habilit\u00f3 el pago a los fondos buitre.<\/p>\n<p>La denuncia presentada por los abogados pertenecientes al Instituto \u201cArturo E. Sampay\u201d, es por \u201cTraici\u00f3n a la patria, administraci\u00f3n fraudulenta en perjuicio del Estado Nacional y violaci\u00f3n de los deberes de funcionario p\u00fablico\u201d.<\/p>\n<p>El presidente Mauricio Macri, su jefe de Gabinete, Marcos Pe\u00f1a Braun, el ministro de Hacienda y Finanzas, Alfonso Prat Gay, junto a los funcionarios que lo circundan, otros menores del Ejecutivo y los diputados y senadores que convalidaron con su voto el pago a los fondos buitre, fueron denunciados por \u201cTraici\u00f3n a la patria, administraci\u00f3n fraudulenta en perjuicio del Estado Nacional y violaci\u00f3n a los deberes de funcionario p\u00fablico\u201d<\/p>\n<p>Adem\u00e1s, la causa impulsada por el Fiscal Federal Federico Delgado, responsabiliza a los funcionarios de la Procuraci\u00f3n del Tesoro de la Naci\u00f3n, encabezados por Carlos Balb\u00edn, \u201cque posibilitaron un acuerdo, a tontas y a ciegas, con los bonistas italianos encabezados por NICOL\u00c1S STOCK, Titular de la Task Force Argentina\u201d, seg\u00fan precisa el dictamen.<\/p>\n<p>Por otra parte, el dictamen fiscal solicita que la investigaci\u00f3n que involucra al presidente Mauricio Macri, su Jefe de Gabinete, Marcos Pe\u00f1a Braun, el ministro de Hacienda y Finanzas, Alfonso Prat Gay, todos los funcionarios que lo circundan en esa cartera, m\u00e1s funcionarios menores del Ejecutivo y los diputados y senadores que avalaron el pago de los fondos buitre con su voto, se acople a la investigaci\u00f3n iniciada en 1993 por Alejandro Olmos respecto a la Deuda Externa, y los denominados \u201cPlan Brady\u201d y \u201cMegacanje\u201d.<\/p>\n<p>&nbsp;<\/p>\n<p>FUENTE: infobaires24<br \/>\nMaximiliano Borches<\/p>\n","protected":false},"excerpt":{"rendered":"<p>El Fiscal Federal Federico Delgado, impuls\u00f3 ante el Juez Sebasti\u00e1n Casanello, la denuncia presentada por los directivos del Instituto \u201cArturo E. Sampay\u201d, contra el presidente Mauricio Macri, su jefe de Gabinete, la totalidad de su equipo econ\u00f3mico y los diputados y senadores que votaron la ley que posibilit\u00f3 el pago a los fondos buitre, por&hellip;<\/p>\n","protected":false},"author":1,"featured_media":0,"comment_status":"open","ping_status":"open","sticky":false,"template":"","format":"standard","meta":{"footnotes":""},"categories":[20],"tags":[23543,16243,76],"class_list":["post-63936","post","type-post","status-publish","format-standard","hentry","category-judiciales","tag-fiscal-federico-delgado","tag-juez-sebastian-casanello","tag-mauricio-macri"],"_links":{"self":[{"href":"https:\/\/www.elsindical.com.ar\/notas\/wp-json\/wp\/v2\/posts\/63936","targetHints":{"allow":["GET"]}}],"collection":[{"href":"https:\/\/www.elsindical.com.ar\/notas\/wp-json\/wp\/v2\/posts"}],"about":[{"href":"https:\/\/www.elsindical.com.ar\/notas\/wp-json\/wp\/v2\/types\/post"}],"author":[{"embeddable":true,"href":"https:\/\/www.elsindical.com.ar\/notas\/wp-json\/wp\/v2\/users\/1"}],"replies":[{"embeddable":true,"href":"https:\/\/www.elsindical.com.ar\/notas\/wp-json\/wp\/v2\/comments?post=63936"}],"version-history":[{"count":1,"href":"https:\/\/www.elsindical.com.ar\/notas\/wp-json\/wp\/v2\/posts\/63936\/revisions"}],"predecessor-version":[{"id":63937,"href":"https:\/\/www.elsindical.com.ar\/notas\/wp-json\/wp\/v2\/posts\/63936\/revisions\/63937"}],"wp:attachment":[{"href":"https:\/\/www.elsindical.com.ar\/notas\/wp-json\/wp\/v2\/media?parent=63936"}],"wp:term":[{"taxonomy":"category","embeddable":true,"href":"https:\/\/www.elsindical.com.ar\/notas\/wp-json\/wp\/v2\/categories?post=63936"},{"taxonomy":"post_tag","embeddable":true,"href":"https:\/\/www.elsindical.com.ar\/notas\/wp-json\/wp\/v2\/tags?post=63936"}],"curies":[{"name":"wp","href":"https:\/\/api.w.org\/{rel}","templated":true}]}}