{"id":63889,"date":"2016-12-09T12:55:41","date_gmt":"2016-12-09T15:55:41","guid":{"rendered":"http:\/\/www.elsindical.com.ar\/notas\/?p=63889"},"modified":"2016-12-11T02:55:56","modified_gmt":"2016-12-11T05:55:56","slug":"uocra-declaro-el-estado-de-alerta-y-movilizacion","status":"publish","type":"post","link":"https:\/\/www.elsindical.com.ar\/notas\/uocra-declaro-el-estado-de-alerta-y-movilizacion\/","title":{"rendered":"UOCRA declar\u00f3 el estado de alerta y movilizaci\u00f3n"},"content":{"rendered":"<p class=\"copete\"><em><a href=\"http:\/\/www.elsindical.com.ar\/notas\/var\/www\/html\/notas\/wp-content\/uploads\/2016\/02\/UOCRA-proestas.jpg\"><img loading=\"lazy\" decoding=\"async\" class=\"alignnone size-medium wp-image-57282\" src=\"http:\/\/www.elsindical.com.ar\/notas\/var\/www\/html\/notas\/wp-content\/uploads\/2016\/02\/UOCRA-proestas-300x176.jpg\" alt=\"\" width=\"300\" height=\"176\" srcset=\"https:\/\/www.elsindical.com.ar\/notas\/var\/www\/html\/notas\/wp-content\/uploads\/2016\/02\/UOCRA-proestas-300x176.jpg 300w, https:\/\/www.elsindical.com.ar\/notas\/var\/www\/html\/notas\/wp-content\/uploads\/2016\/02\/UOCRA-proestas-500x294.jpg 500w, https:\/\/www.elsindical.com.ar\/notas\/var\/www\/html\/notas\/wp-content\/uploads\/2016\/02\/UOCRA-proestas.jpg 620w\" sizes=\"auto, (max-width: 300px) 100vw, 300px\" \/><\/a>\u00a0 El gremio de la construcci\u00f3n apunt\u00f3 contra el Gobierno y empresarios por el parate de obras en el sector.<\/em><\/p>\n<p>La <strong>Uni\u00f3n Obrera de la Construcci\u00f3n (UOCRA)<\/strong> declar\u00f3 el estado de alerta y movilizaci\u00f3n en defensa de los derechos laborales y sociales de los trabajadores de la actividad y su familia.<\/p>\n<p>La medida del gremio que encabeza<strong> Gerardo Mart\u00ednez<\/strong>, se basa en el creciente aumento de la morosidad empresaria, que llega al 30%, en el pago de aportes sindicales y de obra social, registrado en los \u00faltimos meses.<\/p>\n<p>Mart\u00ednez hab\u00eda acusado al Gobierno de una decisi\u00f3n pol\u00edtica para paralizar la obra p\u00fablica y ahora hizo lo propio con los empresarios, al asegurar que tienen una \u201cconducta irresponsable\u201d que \u201c<strong>perjudica a los trabajadores constructores y su familia<\/strong>\u201d.<\/p>\n<p>Desde la UOCRA denuncian que \u00a0\u201cempleadores de la construcci\u00f3n, grandes, medianos y peque\u00f1os, act\u00faan como agentes de retenci\u00f3n y no cumplen con sus obligaciones del pago de las cuotas sindicales y del aporte a nuestra Obra Social OSPECON, que integra el Sistema Solidario de Salud\u201d.<\/p>\n<p>\u201c<strong>Este cuadro se ve agravado por la crisis <\/strong>que atraviesa nuestra industria -agrega la UOCRA- que ha generado una p\u00e9rdida de m\u00e1s de 60 mil puestos de trabajo directos y otros miles de puestos indirectos\u201d.<\/p>\n","protected":false},"excerpt":{"rendered":"<p>\u00a0 El gremio de la construcci\u00f3n apunt\u00f3 contra el Gobierno y empresarios por el parate de obras en el sector. La Uni\u00f3n Obrera de la Construcci\u00f3n (UOCRA) declar\u00f3 el estado de alerta y movilizaci\u00f3n en defensa de los derechos laborales y sociales de los trabajadores de la actividad y su familia. La medida del gremio&hellip;<\/p>\n","protected":false},"author":1,"featured_media":0,"comment_status":"open","ping_status":"open","sticky":false,"template":"","format":"standard","meta":{"footnotes":""},"categories":[16],"tags":[3627,18618,24893,1228],"class_list":["post-63889","post","type-post","status-publish","format-standard","hentry","category-gremiales","tag-estado-de-alerta","tag-operarios","tag-parate-de-obras","tag-uocra"],"_links":{"self":[{"href":"https:\/\/www.elsindical.com.ar\/notas\/wp-json\/wp\/v2\/posts\/63889","targetHints":{"allow":["GET"]}}],"collection":[{"href":"https:\/\/www.elsindical.com.ar\/notas\/wp-json\/wp\/v2\/posts"}],"about":[{"href":"https:\/\/www.elsindical.com.ar\/notas\/wp-json\/wp\/v2\/types\/post"}],"author":[{"embeddable":true,"href":"https:\/\/www.elsindical.com.ar\/notas\/wp-json\/wp\/v2\/users\/1"}],"replies":[{"embeddable":true,"href":"https:\/\/www.elsindical.com.ar\/notas\/wp-json\/wp\/v2\/comments?post=63889"}],"version-history":[{"count":1,"href":"https:\/\/www.elsindical.com.ar\/notas\/wp-json\/wp\/v2\/posts\/63889\/revisions"}],"predecessor-version":[{"id":63890,"href":"https:\/\/www.elsindical.com.ar\/notas\/wp-json\/wp\/v2\/posts\/63889\/revisions\/63890"}],"wp:attachment":[{"href":"https:\/\/www.elsindical.com.ar\/notas\/wp-json\/wp\/v2\/media?parent=63889"}],"wp:term":[{"taxonomy":"category","embeddable":true,"href":"https:\/\/www.elsindical.com.ar\/notas\/wp-json\/wp\/v2\/categories?post=63889"},{"taxonomy":"post_tag","embeddable":true,"href":"https:\/\/www.elsindical.com.ar\/notas\/wp-json\/wp\/v2\/tags?post=63889"}],"curies":[{"name":"wp","href":"https:\/\/api.w.org\/{rel}","templated":true}]}}