{"id":63805,"date":"2016-12-03T19:09:18","date_gmt":"2016-12-03T22:09:18","guid":{"rendered":"http:\/\/www.elsindical.com.ar\/notas\/?p=63805"},"modified":"2016-12-03T19:09:18","modified_gmt":"2016-12-03T22:09:18","slug":"detienen-a-jefe-de-migraciones-por-vinculos-con-la-mafia-china","status":"publish","type":"post","link":"https:\/\/www.elsindical.com.ar\/notas\/detienen-a-jefe-de-migraciones-por-vinculos-con-la-mafia-china\/","title":{"rendered":"Detienen a Jefe de Migraciones por v\u00ednculos con la mafia china"},"content":{"rendered":"<p><em>\u00a0 <a href=\"http:\/\/www.elsindical.com.ar\/notas\/var\/www\/html\/notas\/wp-content\/uploads\/2016\/12\/Leonardo-Javier-Rende.jpg\"><img loading=\"lazy\" decoding=\"async\" class=\"alignnone size-medium wp-image-63806\" src=\"http:\/\/www.elsindical.com.ar\/notas\/var\/www\/html\/notas\/wp-content\/uploads\/2016\/12\/Leonardo-Javier-Rende-300x206.jpg\" alt=\"leonardo-javier-rende\" width=\"300\" height=\"206\" srcset=\"https:\/\/www.elsindical.com.ar\/notas\/var\/www\/html\/notas\/wp-content\/uploads\/2016\/12\/Leonardo-Javier-Rende-300x206.jpg 300w, https:\/\/www.elsindical.com.ar\/notas\/var\/www\/html\/notas\/wp-content\/uploads\/2016\/12\/Leonardo-Javier-Rende-437x300.jpg 437w, https:\/\/www.elsindical.com.ar\/notas\/var\/www\/html\/notas\/wp-content\/uploads\/2016\/12\/Leonardo-Javier-Rende.jpg 728w\" sizes=\"auto, (max-width: 300px) 100vw, 300px\" \/><\/a>Hace tres d\u00edas cay\u00f3 el argentino, que para la Justicia, integrar\u00eda una peligrosa banda de la mafia china conocida como \u2018Pixiu\u2019. Tiene 47 a\u00f1os, tres hijas y un trabajo clave para facilitar el tr\u00e1fico de mujeres orientales que eran cedidas a esta banda. Hace m\u00e1s de dos d\u00e9cadas que Leonardo Javier Rende trabaja en Direcci\u00f3n Nacional de Migraciones. Y ocupaba el cargo de jefe nacional en la Mesa de Entradas y Salidas, organismo que recibe los reclamos, pedidos y tr\u00e1mites y los redirecciona al \u00e1rea que corresponda. El mi\u00e9rcoles pasado parec\u00eda ser un d\u00eda m\u00e1s para \u00e9l. Pero no lo fue.<\/em><\/p>\n<p>A Rende lo detuvieron en su lugar de trabajo, a las 6 de la ma\u00f1ana, seg\u00fan publica el diario Perfil. Se sorprendi\u00f3 cuando personal de la Polic\u00eda Federal Argentina fue por \u00e9l. Desde 2010, era jefe de Mesa de Entradas y Salidas de Migraciones a nivel nacional y su despacho lo ten\u00eda en la central de Retiro. El a\u00f1o pasado recibi\u00f3, junto a otros compa\u00f1eros, una medalla por sus 25 a\u00f1os de antig\u00fcedad en el organismo, en el marco del festejo por el D\u00eda del Trabajador, seg\u00fan public\u00f3 el peri\u00f3dico de la cartera. Parad\u00f3jico.<\/p>\n<p>Pero ahora las condecoraciones quedaron de lado y Rende est\u00e1 tras las rejas acusado de tr\u00e1fico de influencias, fraude, asociaci\u00f3n il\u00edcita, falsificaci\u00f3n de documentos e infracci\u00f3n a la ley migratoria. Ser\u00eda el argentino detr\u00e1s de la mafia china.<\/p>\n<p>El nombre de Rende empez\u00f3 a figurar en los papeles de los investigadores luego de la detenci\u00f3n de dos hombres que trasladaban a ocho mujeres orientales en la localidad bonaerense de Campana.<\/p>\n<p>El 26 de mayo, la Polic\u00eda de Buenos Aires detect\u00f3, en la Ruta 9, una camioneta Volkswagen Amarok blanca que le result\u00f3 sospechosa e intent\u00f3 detenerla. El veh\u00edculo volc\u00f3 y all\u00ed se descubri\u00f3 que transportaba a ocho mujeres asi\u00e1ticas sin documentaci\u00f3n. Las mujeres declararon que eran \u201cturistas\u201d, pero en realidad sospecharon que eran v\u00edctimas de trata por lo que fueron alojadas en una base de Gendarmer\u00eda Nacional.<\/p>\n<p>\u201cEn un claro incumplimiento de los deberes de su cargo, Rende se encarg\u00f3 de las gestiones para liberar a las ocho mujeres y luego enviarlas a miembros del clan \u2018Pixiu\u2019. Toda esta maniobra qued\u00f3 identificada mediante escuchas y tareas de campo\u201d, se inform\u00f3 desde el Ministerio de Seguridad de la Naci\u00f3n.<\/p>\n<p>Los investigadores detectaron que Rende se hab\u00eda comunicado en casi treinta oportunidades con un hombre de origen chino asociado al l\u00edder de la banda conocida como \u2018Pixiu\u2019, una peligrosa banda que extorsionaba a los supermercadistas chinos. Este hombre hac\u00eda de intermediario y responsable de las gestiones para liberar a las mujeres alojadas en el asiento de Gendarmer\u00eda.<\/p>\n<p>Tambi\u00e9n se pudo constatar que Rende manten\u00eda v\u00ednculos con Xu Kequiang, otro ciudadano chino, quien reclutaba extranjeros con inconvenientes migratorios y a cambio de dinero les ofrec\u00eda documentos adulterados y registros migratorios para prorrogar su estad\u00eda en la Argentina. Las escuchas a los integrantes de la banda de \u2018Pixiu\u2019 fueron fundamentales.<\/p>\n<p>\u201cBueno, ll\u00e9vate a las cinco ahora, voy a saber qui\u00e9nes son las otras tres. Las voy a amenazar a ellas. No te preocupes. Sales de Gendarmer\u00eda\u201d, le dice un hombre a Ai Ru, el segundo en el escalaf\u00f3n de \u2018Pixiu\u2019. Y luego dice, seg\u00fan public\u00f3 Infobae: \u201cVoy a coordinar con Migraciones para que borren tus registros. Despu\u00e9s de llegar a casa informame los nombres de las cinco\u201d. M\u00e1s tarde, esta misma voz asegura que se comunic\u00f3 con un alto directivo de Migraciones para hablar de \u201cla plata para liberar a las ocho\u201d. Ahora ser\u00e1 turno de que Rende tome la palabra<\/p>\n","protected":false},"excerpt":{"rendered":"<p>\u00a0 Hace tres d\u00edas cay\u00f3 el argentino, que para la Justicia, integrar\u00eda una peligrosa banda de la mafia china conocida como \u2018Pixiu\u2019. Tiene 47 a\u00f1os, tres hijas y un trabajo clave para facilitar el tr\u00e1fico de mujeres orientales que eran cedidas a esta banda. Hace m\u00e1s de dos d\u00e9cadas que Leonardo Javier Rende trabaja en&hellip;<\/p>\n","protected":false},"author":1,"featured_media":0,"comment_status":"open","ping_status":"open","sticky":false,"template":"","format":"standard","meta":{"footnotes":""},"categories":[22],"tags":[24872,6131,2297,698,315],"class_list":["post-63805","post","type-post","status-publish","format-standard","hentry","category-policiales","tag-leonardo-javier-rende","tag-mafia-china","tag-migraciones","tag-pfa","tag-trata-de-personas"],"_links":{"self":[{"href":"https:\/\/www.elsindical.com.ar\/notas\/wp-json\/wp\/v2\/posts\/63805","targetHints":{"allow":["GET"]}}],"collection":[{"href":"https:\/\/www.elsindical.com.ar\/notas\/wp-json\/wp\/v2\/posts"}],"about":[{"href":"https:\/\/www.elsindical.com.ar\/notas\/wp-json\/wp\/v2\/types\/post"}],"author":[{"embeddable":true,"href":"https:\/\/www.elsindical.com.ar\/notas\/wp-json\/wp\/v2\/users\/1"}],"replies":[{"embeddable":true,"href":"https:\/\/www.elsindical.com.ar\/notas\/wp-json\/wp\/v2\/comments?post=63805"}],"version-history":[{"count":1,"href":"https:\/\/www.elsindical.com.ar\/notas\/wp-json\/wp\/v2\/posts\/63805\/revisions"}],"predecessor-version":[{"id":63807,"href":"https:\/\/www.elsindical.com.ar\/notas\/wp-json\/wp\/v2\/posts\/63805\/revisions\/63807"}],"wp:attachment":[{"href":"https:\/\/www.elsindical.com.ar\/notas\/wp-json\/wp\/v2\/media?parent=63805"}],"wp:term":[{"taxonomy":"category","embeddable":true,"href":"https:\/\/www.elsindical.com.ar\/notas\/wp-json\/wp\/v2\/categories?post=63805"},{"taxonomy":"post_tag","embeddable":true,"href":"https:\/\/www.elsindical.com.ar\/notas\/wp-json\/wp\/v2\/tags?post=63805"}],"curies":[{"name":"wp","href":"https:\/\/api.w.org\/{rel}","templated":true}]}}