{"id":63791,"date":"2016-12-03T17:59:12","date_gmt":"2016-12-03T20:59:12","guid":{"rendered":"http:\/\/www.elsindical.com.ar\/notas\/?p=63791"},"modified":"2016-12-03T17:59:12","modified_gmt":"2016-12-03T20:59:12","slug":"nuevo-aumento-de-las-prepagas-sera-de-un-6","status":"publish","type":"post","link":"https:\/\/www.elsindical.com.ar\/notas\/nuevo-aumento-de-las-prepagas-sera-de-un-6\/","title":{"rendered":"Nuevo aumento de las prepagas ser\u00e1 de un 6%"},"content":{"rendered":"<p><em><a href=\"http:\/\/www.elsindical.com.ar\/notas\/var\/www\/html\/notas\/wp-content\/uploads\/2010\/10\/torzo-m\u00e9dico.jpg\"><img loading=\"lazy\" decoding=\"async\" class=\"alignnone size-medium wp-image-10311\" src=\"http:\/\/www.elsindical.com.ar\/notas\/var\/www\/html\/notas\/wp-content\/uploads\/2010\/10\/torzo-m\u00e9dico-300x194.jpg\" alt=\"torzo-m\u00e9dico\" width=\"300\" height=\"194\" srcset=\"https:\/\/www.elsindical.com.ar\/notas\/var\/www\/html\/notas\/wp-content\/uploads\/2010\/10\/torzo-m\u00e9dico-300x194.jpg 300w, https:\/\/www.elsindical.com.ar\/notas\/var\/www\/html\/notas\/wp-content\/uploads\/2010\/10\/torzo-m\u00e9dico.jpg 325w\" sizes=\"auto, (max-width: 300px) 100vw, 300px\" \/><\/a>\u00a0 Las cuotas de las empresas tuvieron un aumento acumulado del 42,6%. En total, el sistema tiene 5 millones de beneficiarios.<\/em><\/p>\n<p>Las prepagas vuelven a subir la cuota de los afiliados. As\u00ed lo confirm\u00f3 el Superintendente de Servicios de Salud, Luis Cervi\u00f1o, quien adelant\u00f3 que en los pr\u00f3ximos d\u00edas el Gobierno autorizar\u00e1 un aumento del 6% en las cuotas de las prepagas que regir\u00e1 a partir de enero.<\/p>\n<p>Este a\u00f1o las cuotas de las empresas de medicina privada tuvieron un ajuste en marzo, del 9% retroactivo a febrero, en compensaci\u00f3n por desfases de 2015, un 15% en junio, un adicional del 5% de julio, y otro 9% en octubre. En total un aumento acumulado del 42,6%.<\/p>\n<p>Si se excluyera del c\u00e1lculo el 9% de marzo por ser compensatorio de 2015 y se computa el 6% de enero que cubre 2016, el aumento acumulado es del 38,6%, dijo Cervi\u00f1o.<\/p>\n<p>En total, el sistema tiene 5 millones de beneficiarios, de los cuales un mill\u00f3n son voluntarios y el resto son de obra social que derivan sus aportes a la prepaga.<\/p>\n","protected":false},"excerpt":{"rendered":"<p>\u00a0 Las cuotas de las empresas tuvieron un aumento acumulado del 42,6%. En total, el sistema tiene 5 millones de beneficiarios. Las prepagas vuelven a subir la cuota de los afiliados. As\u00ed lo confirm\u00f3 el Superintendente de Servicios de Salud, Luis Cervi\u00f1o, quien adelant\u00f3 que en los pr\u00f3ximos d\u00edas el Gobierno autorizar\u00e1 un aumento del&hellip;<\/p>\n","protected":false},"author":1,"featured_media":0,"comment_status":"open","ping_status":"open","sticky":false,"template":"","format":"standard","meta":{"footnotes":""},"categories":[9],"tags":[8990,24859,24311],"class_list":["post-63791","post","type-post","status-publish","format-standard","hentry","category-economia","tag-cuota","tag-luis-cervino","tag-medicina-prepaga"],"_links":{"self":[{"href":"https:\/\/www.elsindical.com.ar\/notas\/wp-json\/wp\/v2\/posts\/63791","targetHints":{"allow":["GET"]}}],"collection":[{"href":"https:\/\/www.elsindical.com.ar\/notas\/wp-json\/wp\/v2\/posts"}],"about":[{"href":"https:\/\/www.elsindical.com.ar\/notas\/wp-json\/wp\/v2\/types\/post"}],"author":[{"embeddable":true,"href":"https:\/\/www.elsindical.com.ar\/notas\/wp-json\/wp\/v2\/users\/1"}],"replies":[{"embeddable":true,"href":"https:\/\/www.elsindical.com.ar\/notas\/wp-json\/wp\/v2\/comments?post=63791"}],"version-history":[{"count":1,"href":"https:\/\/www.elsindical.com.ar\/notas\/wp-json\/wp\/v2\/posts\/63791\/revisions"}],"predecessor-version":[{"id":63792,"href":"https:\/\/www.elsindical.com.ar\/notas\/wp-json\/wp\/v2\/posts\/63791\/revisions\/63792"}],"wp:attachment":[{"href":"https:\/\/www.elsindical.com.ar\/notas\/wp-json\/wp\/v2\/media?parent=63791"}],"wp:term":[{"taxonomy":"category","embeddable":true,"href":"https:\/\/www.elsindical.com.ar\/notas\/wp-json\/wp\/v2\/categories?post=63791"},{"taxonomy":"post_tag","embeddable":true,"href":"https:\/\/www.elsindical.com.ar\/notas\/wp-json\/wp\/v2\/tags?post=63791"}],"curies":[{"name":"wp","href":"https:\/\/api.w.org\/{rel}","templated":true}]}}