{"id":63778,"date":"2016-12-02T19:45:09","date_gmt":"2016-12-02T22:45:09","guid":{"rendered":"http:\/\/www.elsindical.com.ar\/notas\/?p=63778"},"modified":"2016-12-02T19:45:09","modified_gmt":"2016-12-02T22:45:09","slug":"trabajadores-tucumanos-obligados-a-compartir-los-salarios","status":"publish","type":"post","link":"https:\/\/www.elsindical.com.ar\/notas\/trabajadores-tucumanos-obligados-a-compartir-los-salarios\/","title":{"rendered":"Trabajadores tucumanos obligados a \u201ccompartir\u201d los salarios"},"content":{"rendered":"<p><em>\u00a0<a href=\"http:\/\/www.elsindical.com.ar\/notas\/var\/www\/html\/notas\/wp-content\/uploads\/2016\/12\/trabajadores-de-Tucum\u00e1n.jpg\"><img loading=\"lazy\" decoding=\"async\" class=\"alignnone size-medium wp-image-63779\" src=\"http:\/\/www.elsindical.com.ar\/notas\/var\/www\/html\/notas\/wp-content\/uploads\/2016\/12\/trabajadores-de-Tucum\u00e1n-300x179.jpg\" alt=\"trabajadores-de-tucuman\" width=\"300\" height=\"179\" srcset=\"https:\/\/www.elsindical.com.ar\/notas\/var\/www\/html\/notas\/wp-content\/uploads\/2016\/12\/trabajadores-de-Tucum\u00e1n-300x179.jpg 300w, https:\/\/www.elsindical.com.ar\/notas\/var\/www\/html\/notas\/wp-content\/uploads\/2016\/12\/trabajadores-de-Tucum\u00e1n-500x298.jpg 500w, https:\/\/www.elsindical.com.ar\/notas\/var\/www\/html\/notas\/wp-content\/uploads\/2016\/12\/trabajadores-de-Tucum\u00e1n.jpg 620w\" sizes=\"auto, (max-width: 300px) 100vw, 300px\" \/><\/a> Un grupo de empleados de la comuna de La Florida aport\u00f3 un audio y otras pruebas que dejar\u00edan en evidencia aprietes de la comisionada rural In\u00e9s Gramajo de Soria. No es la primera vez que la dirigente est\u00e1 en la mira. El v\u00ednculo con el cura Juan Viroche.<\/em><\/p>\n<p>Legisladores de la comisi\u00f3n de Derechos Humanos de Tucum\u00e1n, oficialistas y opositores, acompa\u00f1aron a un grupo de trabajadores de la comuna de La Florida, para que declaren en la Justicia Penal contra las autoridades del pueblo por la presunta retenci\u00f3n indebida de sus haberes.<\/p>\n<p>En junio del a\u00f1o pasado, hab\u00edan estado en la Legislatura, con la compa\u00f1\u00eda del cura Juan Viroche, quien fue hallado muerto cuatro meses despu\u00e9s. Esta vez, los representantes dialogaron durante m\u00e1s de una hora con una decena de vecinos, quienes presentaron pruebas de las irregularidades.<\/p>\n<p>En este marco, los legisladores resolvieron comunicarse con el fiscal de Instrucci\u00f3n Washington Navarro D\u00e1vila, a cargo de una causa de oficio referida a esta situaci\u00f3n. Seg\u00fan indicaron fuentes del cuerpo colegiado a La Gaceta de Tucum\u00e1n, el fiscal les ofreci\u00f3 en el acto que se trasladaran a la sede penal de Tribunales, para que se les tomara declaraci\u00f3n a los vecinos.<\/p>\n<p>Dentro de los elementos presentados, el m\u00e1s importante es un audio en el que supuestamente se escucha a la comisionada rural, In\u00e9s Gramajo de Soria, hablando con personas que estaban en conflicto con la administraci\u00f3n. En este marco, recibe quejas por la supuesta divisi\u00f3n de los contratos de parte de una persona que le aclara que lleva a\u00f1os compartiendo sus haberes y, con la inflaci\u00f3n y la crisis econ\u00f3mica, los recursos ya no le alcanzan. \u201cArreglos son arreglos\u201d, le insisti\u00f3 su interlocutora. Otro trabajador cuestion\u00f3 que se destinara la mitad de su salario a otro contratado que no asist\u00eda nunca a la comuna, y s\u00f3lo pidi\u00f3 que le pusieran un \u201ccompa\u00f1ero\u201d que fuera responsable. En el audio se menciona tambi\u00e9n el supuesto manejo de cargos por parte del ex comisionado y marido Arturo \u201cChicho\u201d Soria.<\/p>\n<p>En declaraciones a La Gaceta, el legislador Luis Brodersen (PRO) afirm\u00f3: \u201cla grav\u00edsima situaci\u00f3n desnudada por el audio que escuchamos en la reuni\u00f3n de comisi\u00f3n nos obliga a tomar medidas urgentes; la escena de una funcionaria apretando a empleados no resiste el menor an\u00e1lisis\u201d.<\/p>\n<p>Por su parte, Fernando Valdez (UCR) sostuvo \u201cel clima que transmitieron estos trabajadores es que, luego de la muerte dudosa del padre Juan, las cosas empeoraron en La Florida\u201d. (<strong>InfoGEI<\/strong>) Ga<\/p>\n","protected":false},"excerpt":{"rendered":"<p>\u00a0 Un grupo de empleados de la comuna de La Florida aport\u00f3 un audio y otras pruebas que dejar\u00edan en evidencia aprietes de la comisionada rural In\u00e9s Gramajo de Soria. No es la primera vez que la dirigente est\u00e1 en la mira. El v\u00ednculo con el cura Juan Viroche. Legisladores de la comisi\u00f3n de Derechos&hellip;<\/p>\n","protected":false},"author":1,"featured_media":0,"comment_status":"open","ping_status":"open","sticky":false,"template":"","format":"standard","meta":{"footnotes":""},"categories":[6],"tags":[24857,803,125,3121],"class_list":["post-63778","post","type-post","status-publish","format-standard","hentry","category-denuncias","tag-comisionada-rural-ines-gramajo-de-soria","tag-salarios","tag-trabajadores","tag-tucuman"],"_links":{"self":[{"href":"https:\/\/www.elsindical.com.ar\/notas\/wp-json\/wp\/v2\/posts\/63778","targetHints":{"allow":["GET"]}}],"collection":[{"href":"https:\/\/www.elsindical.com.ar\/notas\/wp-json\/wp\/v2\/posts"}],"about":[{"href":"https:\/\/www.elsindical.com.ar\/notas\/wp-json\/wp\/v2\/types\/post"}],"author":[{"embeddable":true,"href":"https:\/\/www.elsindical.com.ar\/notas\/wp-json\/wp\/v2\/users\/1"}],"replies":[{"embeddable":true,"href":"https:\/\/www.elsindical.com.ar\/notas\/wp-json\/wp\/v2\/comments?post=63778"}],"version-history":[{"count":1,"href":"https:\/\/www.elsindical.com.ar\/notas\/wp-json\/wp\/v2\/posts\/63778\/revisions"}],"predecessor-version":[{"id":63780,"href":"https:\/\/www.elsindical.com.ar\/notas\/wp-json\/wp\/v2\/posts\/63778\/revisions\/63780"}],"wp:attachment":[{"href":"https:\/\/www.elsindical.com.ar\/notas\/wp-json\/wp\/v2\/media?parent=63778"}],"wp:term":[{"taxonomy":"category","embeddable":true,"href":"https:\/\/www.elsindical.com.ar\/notas\/wp-json\/wp\/v2\/categories?post=63778"},{"taxonomy":"post_tag","embeddable":true,"href":"https:\/\/www.elsindical.com.ar\/notas\/wp-json\/wp\/v2\/tags?post=63778"}],"curies":[{"name":"wp","href":"https:\/\/api.w.org\/{rel}","templated":true}]}}