{"id":63635,"date":"2016-11-25T01:00:29","date_gmt":"2016-11-25T04:00:29","guid":{"rendered":"http:\/\/www.elsindical.com.ar\/notas\/?p=63635"},"modified":"2016-11-26T01:23:28","modified_gmt":"2016-11-26T04:23:28","slug":"se-profundiza-la-recesion-la-actividad-economica-cayo-37-en-septiembre","status":"publish","type":"post","link":"https:\/\/www.elsindical.com.ar\/notas\/se-profundiza-la-recesion-la-actividad-economica-cayo-37-en-septiembre\/","title":{"rendered":"Se profundiza la recesi\u00f3n: la actividad econ\u00f3mica cay\u00f3 3,7% en septiembre"},"content":{"rendered":"<p><em><a href=\"http:\/\/www.elsindical.com.ar\/notas\/var\/www\/html\/notas\/wp-content\/uploads\/2016\/11\/industria-recesi\u00f3n.jpg\"><img loading=\"lazy\" decoding=\"async\" class=\"alignnone size-medium wp-image-63636\" src=\"http:\/\/www.elsindical.com.ar\/notas\/var\/www\/html\/notas\/wp-content\/uploads\/2016\/11\/industria-recesi\u00f3n-300x200.jpg\" alt=\"industria-recesion\" width=\"300\" height=\"200\" srcset=\"https:\/\/www.elsindical.com.ar\/notas\/var\/www\/html\/notas\/wp-content\/uploads\/2016\/11\/industria-recesi\u00f3n-300x200.jpg 300w, https:\/\/www.elsindical.com.ar\/notas\/var\/www\/html\/notas\/wp-content\/uploads\/2016\/11\/industria-recesi\u00f3n-768x512.jpg 768w, https:\/\/www.elsindical.com.ar\/notas\/var\/www\/html\/notas\/wp-content\/uploads\/2016\/11\/industria-recesi\u00f3n-1024x682.jpg 1024w, https:\/\/www.elsindical.com.ar\/notas\/var\/www\/html\/notas\/wp-content\/uploads\/2016\/11\/industria-recesi\u00f3n-450x300.jpg 450w, https:\/\/www.elsindical.com.ar\/notas\/var\/www\/html\/notas\/wp-content\/uploads\/2016\/11\/industria-recesi\u00f3n.jpg 1150w\" sizes=\"auto, (max-width: 300px) 100vw, 300px\" \/><\/a>\u00a0 As\u00ed lo inform\u00f3 el Instituto Nacional de Estad\u00edstica y Censos. Despu\u00e9s de una suba de 0,3% en Agosto, respecto de Julio, volvi\u00f3 a caer al mes siguiente.<\/em><\/p>\n<p>La actividad econ\u00f3mica cay\u00f3 3,7 por ciento en septiembre con respecto a igual mes del a\u00f1o pasado y acumul\u00f3 una baja de 2,4 por ciento desde enero, inform\u00f3 hoy el Instituto Nacional de Estad\u00edstica y Censos (INDEC).<\/p>\n<p>A su vez, se verific\u00f3 una baja de 0,8 por ciento en relaci\u00f3n al mes anterior, que devolvi\u00f3 al indicador intermensual al rango negativo luego del alza de 0,3 por ciento que se produjo en agosto respecto de julio.<\/p>\n<p>Los datos corresponden al Estimador Mensual de Actividad Econ\u00f3mica (EMAE) que se difunde todos los meses a modo de anticipo de la evoluci\u00f3n del PBI que se da a conocer de manera trimestral.<\/p>\n<p>De esta manera la econom\u00eda extendi\u00f3 la recesi\u00f3n al tercer trimestre y sin se\u00f1ales firmes de una reversi\u00f3n en el \u00faltimo cuarto del a\u00f1o.<\/p>\n<p>La ca\u00edda de 3,7 por ciento de septiembre es la novena consecutiva en el a\u00f1o y la tercera m\u00e1s fuerte luego de julio (5,6 por ciento) y junio (4,5 por ciento).<\/p>\n<p>As\u00ed el retroceso de la econom\u00eda trep\u00f3 a 2,4 por ciento en los primeros nueve meses del a\u00f1o, luego de datos acumulados de 2,2 por ciento para los dos meses anteriores.<\/p>\n<p>En consecuencia, si el Gobierno aspira a que se cumpla la baja de 1,5 por ciento del PBI que proyect\u00f3 para 2016 queda escaso margen para que comiencen a observarse datos positivos.<\/p>\n<p>Adem\u00e1s, en caso de no producirse el cambio de tendencia tambi\u00e9n comenzar\u00e1 a correr riesgo la proyecci\u00f3n de incremento de 3 por ciento del PBI estimado para 2017.<\/p>\n<p>En la medici\u00f3n intermensual la ca\u00edda de 0,8 por ciento en la s\u00e9ptima de 2016 y fren\u00f3 las expectativas de recuperaci\u00f3n que hab\u00eda marcado el 0,3 por ciento de agosto respecto de julio que hab\u00eda quebrado cuatro meses en rojo.<\/p>\n<p>Los datos negativos son producto de una ca\u00edda generalizada en todos los rubros de la econom\u00eda, entre los que se destacan los retrocesos en la industria, la construcci\u00f3n y el consumo dom\u00e9stico.<\/p>\n","protected":false},"excerpt":{"rendered":"<p>\u00a0 As\u00ed lo inform\u00f3 el Instituto Nacional de Estad\u00edstica y Censos. Despu\u00e9s de una suba de 0,3% en Agosto, respecto de Julio, volvi\u00f3 a caer al mes siguiente. La actividad econ\u00f3mica cay\u00f3 3,7 por ciento en septiembre con respecto a igual mes del a\u00f1o pasado y acumul\u00f3 una baja de 2,4 por ciento desde enero,&hellip;<\/p>\n","protected":false},"author":1,"featured_media":0,"comment_status":"open","ping_status":"open","sticky":false,"template":"","format":"standard","meta":{"footnotes":""},"categories":[9],"tags":[22023,24824,2200,16860,300],"class_list":["post-63635","post","type-post","status-publish","format-standard","hentry","category-economia","tag-economia","tag-emae","tag-indec","tag-industria","tag-recesion"],"_links":{"self":[{"href":"https:\/\/www.elsindical.com.ar\/notas\/wp-json\/wp\/v2\/posts\/63635","targetHints":{"allow":["GET"]}}],"collection":[{"href":"https:\/\/www.elsindical.com.ar\/notas\/wp-json\/wp\/v2\/posts"}],"about":[{"href":"https:\/\/www.elsindical.com.ar\/notas\/wp-json\/wp\/v2\/types\/post"}],"author":[{"embeddable":true,"href":"https:\/\/www.elsindical.com.ar\/notas\/wp-json\/wp\/v2\/users\/1"}],"replies":[{"embeddable":true,"href":"https:\/\/www.elsindical.com.ar\/notas\/wp-json\/wp\/v2\/comments?post=63635"}],"version-history":[{"count":1,"href":"https:\/\/www.elsindical.com.ar\/notas\/wp-json\/wp\/v2\/posts\/63635\/revisions"}],"predecessor-version":[{"id":63637,"href":"https:\/\/www.elsindical.com.ar\/notas\/wp-json\/wp\/v2\/posts\/63635\/revisions\/63637"}],"wp:attachment":[{"href":"https:\/\/www.elsindical.com.ar\/notas\/wp-json\/wp\/v2\/media?parent=63635"}],"wp:term":[{"taxonomy":"category","embeddable":true,"href":"https:\/\/www.elsindical.com.ar\/notas\/wp-json\/wp\/v2\/categories?post=63635"},{"taxonomy":"post_tag","embeddable":true,"href":"https:\/\/www.elsindical.com.ar\/notas\/wp-json\/wp\/v2\/tags?post=63635"}],"curies":[{"name":"wp","href":"https:\/\/api.w.org\/{rel}","templated":true}]}}