{"id":63632,"date":"2016-11-25T00:45:34","date_gmt":"2016-11-25T03:45:34","guid":{"rendered":"http:\/\/www.elsindical.com.ar\/notas\/?p=63632"},"modified":"2016-11-26T01:13:31","modified_gmt":"2016-11-26T04:13:31","slug":"multitudinaria-marcha-por-el-dia-internacional-contra-la-violencia-machista","status":"publish","type":"post","link":"https:\/\/www.elsindical.com.ar\/notas\/multitudinaria-marcha-por-el-dia-internacional-contra-la-violencia-machista\/","title":{"rendered":"Multitudinaria marcha por el D\u00eda Internacional contra la violencia machista"},"content":{"rendered":"<p><em>\u00a0\u00a0<a href=\"http:\/\/www.elsindical.com.ar\/notas\/var\/www\/html\/notas\/wp-content\/uploads\/2016\/11\/marcha-contra-la-violencia-femenina.jpg\"><img loading=\"lazy\" decoding=\"async\" class=\"alignnone size-medium wp-image-63633\" src=\"http:\/\/www.elsindical.com.ar\/notas\/var\/www\/html\/notas\/wp-content\/uploads\/2016\/11\/marcha-contra-la-violencia-femenina-300x211.jpg\" alt=\"marcha-contra-la-violencia-femenina\" width=\"300\" height=\"211\" srcset=\"https:\/\/www.elsindical.com.ar\/notas\/var\/www\/html\/notas\/wp-content\/uploads\/2016\/11\/marcha-contra-la-violencia-femenina-300x211.jpg 300w, https:\/\/www.elsindical.com.ar\/notas\/var\/www\/html\/notas\/wp-content\/uploads\/2016\/11\/marcha-contra-la-violencia-femenina-768x539.jpg 768w, https:\/\/www.elsindical.com.ar\/notas\/var\/www\/html\/notas\/wp-content\/uploads\/2016\/11\/marcha-contra-la-violencia-femenina-1024x719.jpg 1024w, https:\/\/www.elsindical.com.ar\/notas\/var\/www\/html\/notas\/wp-content\/uploads\/2016\/11\/marcha-contra-la-violencia-femenina-428x300.jpg 428w, https:\/\/www.elsindical.com.ar\/notas\/var\/www\/html\/notas\/wp-content\/uploads\/2016\/11\/marcha-contra-la-violencia-femenina.jpg 1170w\" sizes=\"auto, (max-width: 300px) 100vw, 300px\" \/><\/a> Cientos de personas se dirigieron desde el Congreso hasta Plaza de Mayo bajo la premisa \u00abNi una menos, vivas nos queremos\u00bb.<\/em><\/p>\n<p>Cientos de personas se concentraron esta tarde frente al Congreso de la Naci\u00f3n y luego marcharon hasta la Plaza de Mayo en el marco del D\u00eda Internacional contra la Violencia hacia las Mujeres.<\/p>\n<p>Los manifestantes, encabezados por partidos de izquierda y organizaciones sociales, exhibieron pancartas con leyendas como \u00abNi una menos, vivas nos queremos\u00bb, \u00abSe puede salir de la violencia\u00bb y \u00abLos femicidios se pueden evitar\u00bb.<\/p>\n<p>La movilizaci\u00f3n gener\u00f3 caos en el tr\u00e1nsito, primero a la altura de Callao y Rivadavia, y luego en la Avenida 9 de Julio.<\/p>\n<p>Entre los manifestantes estuvieron la diputada nacional Myriam Bregman (PTS\/FIT), la Madre de Plaza de Mayo Nora Corti\u00f1as, el ex candidato a presidente Nicol\u00e1s del Ca\u00f1o y el legislador de la Ciudad Patricio del Corro, ente otros.<\/p>\n<p>Adem\u00e1s, estuvieron presentes decenas de familiares de v\u00edctimas como el caso de Frnaklin Rawson, el padre de \u00c1ngeles, la adolescente asesinada el 10 de junio de 2013 por el encargado del edificio en el que viv\u00eda en el barrio porte\u00f1o de Palermo.<\/p>\n<p>\u00abPara nosotros es un d\u00eda de compromiso, para seguir involucrados. Estar ac\u00e1 es una forma de homenajear a nuestra hija\u00bb, dijo el hombre.<\/p>\n<p>Si bien la marcha no fue tan masiva como la de #NiUnaMenos realizada el 19 de octubre, tuvo tambi\u00e9n su correlato en otras ciudades del interior como Neuqu\u00e9n, Rosario, Mendoza, C\u00f3rdoba, Mar del Plata y La Plata, entre otras.<\/p>\n","protected":false},"excerpt":{"rendered":"<p>\u00a0\u00a0 Cientos de personas se dirigieron desde el Congreso hasta Plaza de Mayo bajo la premisa \u00abNi una menos, vivas nos queremos\u00bb. Cientos de personas se concentraron esta tarde frente al Congreso de la Naci\u00f3n y luego marcharon hasta la Plaza de Mayo en el marco del D\u00eda Internacional contra la Violencia hacia las Mujeres.&hellip;<\/p>\n","protected":false},"author":1,"featured_media":0,"comment_status":"open","ping_status":"open","sticky":false,"template":"","format":"standard","meta":{"footnotes":""},"categories":[25],"tags":[156,24823],"class_list":["post-63632","post","type-post","status-publish","format-standard","hentry","category-sociedad","tag-marcha","tag-violencia-femenina"],"_links":{"self":[{"href":"https:\/\/www.elsindical.com.ar\/notas\/wp-json\/wp\/v2\/posts\/63632","targetHints":{"allow":["GET"]}}],"collection":[{"href":"https:\/\/www.elsindical.com.ar\/notas\/wp-json\/wp\/v2\/posts"}],"about":[{"href":"https:\/\/www.elsindical.com.ar\/notas\/wp-json\/wp\/v2\/types\/post"}],"author":[{"embeddable":true,"href":"https:\/\/www.elsindical.com.ar\/notas\/wp-json\/wp\/v2\/users\/1"}],"replies":[{"embeddable":true,"href":"https:\/\/www.elsindical.com.ar\/notas\/wp-json\/wp\/v2\/comments?post=63632"}],"version-history":[{"count":1,"href":"https:\/\/www.elsindical.com.ar\/notas\/wp-json\/wp\/v2\/posts\/63632\/revisions"}],"predecessor-version":[{"id":63634,"href":"https:\/\/www.elsindical.com.ar\/notas\/wp-json\/wp\/v2\/posts\/63632\/revisions\/63634"}],"wp:attachment":[{"href":"https:\/\/www.elsindical.com.ar\/notas\/wp-json\/wp\/v2\/media?parent=63632"}],"wp:term":[{"taxonomy":"category","embeddable":true,"href":"https:\/\/www.elsindical.com.ar\/notas\/wp-json\/wp\/v2\/categories?post=63632"},{"taxonomy":"post_tag","embeddable":true,"href":"https:\/\/www.elsindical.com.ar\/notas\/wp-json\/wp\/v2\/tags?post=63632"}],"curies":[{"name":"wp","href":"https:\/\/api.w.org\/{rel}","templated":true}]}}