{"id":63615,"date":"2016-11-23T14:55:15","date_gmt":"2016-11-23T17:55:15","guid":{"rendered":"http:\/\/www.elsindical.com.ar\/notas\/?p=63615"},"modified":"2016-11-23T14:55:15","modified_gmt":"2016-11-23T17:55:15","slug":"vidal-sumo-otro-fracaso-en-la-paritaria-con-estatales","status":"publish","type":"post","link":"https:\/\/www.elsindical.com.ar\/notas\/vidal-sumo-otro-fracaso-en-la-paritaria-con-estatales\/","title":{"rendered":"Vidal sum\u00f3 otro fracaso en la paritaria con estatales"},"content":{"rendered":"<p><em>\u00a0<a href=\"http:\/\/www.elsindical.com.ar\/notas\/var\/www\/html\/notas\/wp-content\/uploads\/2016\/11\/paritarias-estatales-bonaerenses.jpg\"><img loading=\"lazy\" decoding=\"async\" class=\"alignnone size-medium wp-image-63616\" src=\"http:\/\/www.elsindical.com.ar\/notas\/var\/www\/html\/notas\/wp-content\/uploads\/2016\/11\/paritarias-estatales-bonaerenses-300x176.jpg\" alt=\"paritarias-estatales-bonaerenses\" width=\"300\" height=\"176\" srcset=\"https:\/\/www.elsindical.com.ar\/notas\/var\/www\/html\/notas\/wp-content\/uploads\/2016\/11\/paritarias-estatales-bonaerenses-300x176.jpg 300w, https:\/\/www.elsindical.com.ar\/notas\/var\/www\/html\/notas\/wp-content\/uploads\/2016\/11\/paritarias-estatales-bonaerenses-500x293.jpg 500w, https:\/\/www.elsindical.com.ar\/notas\/var\/www\/html\/notas\/wp-content\/uploads\/2016\/11\/paritarias-estatales-bonaerenses.jpg 690w\" sizes=\"auto, (max-width: 300px) 100vw, 300px\" \/><\/a> Los gremios rechazaron la nueva oferta por aumentos para el \u00faltimo trimestre del a\u00f1o. No hubo respuesta al reclamo por pases a planta permanente.<\/em><\/p>\n<p>El gobierno provincial de Mar\u00eda Eugenia Vidal reanud\u00f3 sin \u00e9xito la negociaci\u00f3n paritaria con los gremios estatales y se calienta la relaci\u00f3n a poco m\u00e1s de un mes de finalizar el a\u00f1o. Los trabajadores reclaman aumentos para el \u00faltimo trimestre de 2016 en el marco de la ley 10.430.<\/p>\n<p>El descontento de los sindicatos del sector se debe a que tras una semana de cuarto intermedio, la Provincia \u00abno mejor\u00f3 sustancialmente la oferta\u00bb ante requerimiento de los agentes estatales. Al ofrecimiento anterior, solo se sumaron 50 pesos de incremento.<\/p>\n<p>La audiencia de paritarias se desarroll\u00f3 este martes en el ministerio de Econom\u00eda bonaerense con participaci\u00f3n de representantes de la Uni\u00f3n del Personal Civil de la Naci\u00f3n (UPCN), la Asociaci\u00f3n Trabajadores del Estado (ATE) y los integrantes de la Federaci\u00f3n de Gremios Estatales y Particulares de la provincia (FEGEPPBA).<\/p>\n<p>Desde UPCN seccional Buenos Aries criticaron que las autoridades bonaerenses \u00abhayan ofrecido solamente un aumento para el \u00faltimo tramo de la bonificaci\u00f3n sustitutiva de URPEs, que perciben los agentes del sector, sin realizar una mejora que comprenda a las otras dos\u00bb.<\/p>\n<p>\u00abLas autoridades tampoco nos dieron una respuesta al pedido de pases a planta permanente de los trabajadores que venimos solicitando, lo cual se sum\u00f3 como un elemento m\u00e1s para rechazar de plano y en su totalidad los t\u00e9rminos en que se viene desarrollando esta negociaci\u00f3n paritaria hasta el momento\u00bb, expresaron el secretario Gremial, Diego R\u00e9tola, y la secretaria de Coordinaci\u00f3n de Paritarias, Patricia Wilde.<\/p>\n<p>Por su parte, Oscar De Isasi, titular de ATE Buenos Aires, destac\u00f3 \u00abla irresponsabilidad con que el gobierno bonaerense aborda los temas de los trabajadores y las trabajadoras del Estado. Nos vamos indignados\u201d, dijo, al tiempo que ratific\u00f3 el paro de actividades del pr\u00f3ximo jueves 24: \u201cEl promedio de aumento ofertado es de 350 pesos de bolsillo y representa un 0.7% de incremento respecto al salario fijado para el per\u00edodo julio-septiembre\u201d.<\/p>\n","protected":false},"excerpt":{"rendered":"<p>\u00a0 Los gremios rechazaron la nueva oferta por aumentos para el \u00faltimo trimestre del a\u00f1o. No hubo respuesta al reclamo por pases a planta permanente. El gobierno provincial de Mar\u00eda Eugenia Vidal reanud\u00f3 sin \u00e9xito la negociaci\u00f3n paritaria con los gremios estatales y se calienta la relaci\u00f3n a poco m\u00e1s de un mes de finalizar&hellip;<\/p>\n","protected":false},"author":1,"featured_media":0,"comment_status":"open","ping_status":"open","sticky":false,"template":"","format":"standard","meta":{"footnotes":""},"categories":[13],"tags":[290,20802,666,7265,2107,3581],"class_list":["post-63615","post","type-post","status-publish","format-standard","hentry","category-politica","tag-ate","tag-fegeppba","tag-gremios","tag-maria-eugenia-vidal","tag-paritarias","tag-upcn"],"_links":{"self":[{"href":"https:\/\/www.elsindical.com.ar\/notas\/wp-json\/wp\/v2\/posts\/63615","targetHints":{"allow":["GET"]}}],"collection":[{"href":"https:\/\/www.elsindical.com.ar\/notas\/wp-json\/wp\/v2\/posts"}],"about":[{"href":"https:\/\/www.elsindical.com.ar\/notas\/wp-json\/wp\/v2\/types\/post"}],"author":[{"embeddable":true,"href":"https:\/\/www.elsindical.com.ar\/notas\/wp-json\/wp\/v2\/users\/1"}],"replies":[{"embeddable":true,"href":"https:\/\/www.elsindical.com.ar\/notas\/wp-json\/wp\/v2\/comments?post=63615"}],"version-history":[{"count":1,"href":"https:\/\/www.elsindical.com.ar\/notas\/wp-json\/wp\/v2\/posts\/63615\/revisions"}],"predecessor-version":[{"id":63617,"href":"https:\/\/www.elsindical.com.ar\/notas\/wp-json\/wp\/v2\/posts\/63615\/revisions\/63617"}],"wp:attachment":[{"href":"https:\/\/www.elsindical.com.ar\/notas\/wp-json\/wp\/v2\/media?parent=63615"}],"wp:term":[{"taxonomy":"category","embeddable":true,"href":"https:\/\/www.elsindical.com.ar\/notas\/wp-json\/wp\/v2\/categories?post=63615"},{"taxonomy":"post_tag","embeddable":true,"href":"https:\/\/www.elsindical.com.ar\/notas\/wp-json\/wp\/v2\/tags?post=63615"}],"curies":[{"name":"wp","href":"https:\/\/api.w.org\/{rel}","templated":true}]}}