{"id":63465,"date":"2016-11-14T22:50:32","date_gmt":"2016-11-15T01:50:32","guid":{"rendered":"http:\/\/www.elsindical.com.ar\/notas\/?p=63465"},"modified":"2016-11-14T22:50:32","modified_gmt":"2016-11-15T01:50:32","slug":"seis-de-cada-diez-argentinos-tiene-problemas-de-empleo","status":"publish","type":"post","link":"https:\/\/www.elsindical.com.ar\/notas\/seis-de-cada-diez-argentinos-tiene-problemas-de-empleo\/","title":{"rendered":"Seis de cada diez argentinos tiene problemas de empleo"},"content":{"rendered":"<p><em><a href=\"http:\/\/www.elsindical.com.ar\/notas\/var\/www\/html\/notas\/wp-content\/uploads\/2016\/11\/buscando-empleo.jpg\"><img loading=\"lazy\" decoding=\"async\" class=\"alignnone size-medium wp-image-63466\" src=\"http:\/\/www.elsindical.com.ar\/notas\/var\/www\/html\/notas\/wp-content\/uploads\/2016\/11\/buscando-empleo-300x158.jpg\" alt=\"buscando-empleo\" width=\"300\" height=\"158\" srcset=\"https:\/\/www.elsindical.com.ar\/notas\/var\/www\/html\/notas\/wp-content\/uploads\/2016\/11\/buscando-empleo-300x158.jpg 300w, https:\/\/www.elsindical.com.ar\/notas\/var\/www\/html\/notas\/wp-content\/uploads\/2016\/11\/buscando-empleo-500x264.jpg 500w, https:\/\/www.elsindical.com.ar\/notas\/var\/www\/html\/notas\/wp-content\/uploads\/2016\/11\/buscando-empleo.jpg 644w\" sizes=\"auto, (max-width: 300px) 100vw, 300px\" \/><\/a>\u00a0 Un informe de la Universidad de Belgrano detalla que el 59,3% de la poblaci\u00f3n econ\u00f3micamente activa exhibe dificultades con su situaci\u00f3n laboral, sea porque esta desocupado, subocupado, ocupado buscando trabajo o sobreocupado.<\/em><\/p>\n<p>Casi el 60% de la poblaci\u00f3n econ\u00f3micamente activa tiene problemas de empleo dice un informe del Centro de Estudios de la Nueva Econom\u00eda (CENE) de la Universidad de Belgrano.<\/p>\n<p>Ese porcentaje, sin redondeo es 59,3% de los argentinos activos, surge de sumar los desempleados (9,3% de la poblaci\u00f3n econ\u00f3micamente activa), los subocupados y ocupados que buscan trabajo (23,4%) y los sobreocupados (26,6%).<\/p>\n<p>La cuenta da, a la inversa, que \u201cs\u00f3lo un 37,2% tendr\u00eda un trabajo \u2018normal\u2018\u201d, dice el CENE, a la vez que advierte que \u201csobre un total de 20 millones de integrantes de la poblaci\u00f3n econ\u00f3micamente activa, s\u00f3lo 7,4 millones estar\u00edan en esta \u00faltima condici\u00f3n\u201d.<\/p>\n<p>El documento se\u00f1ala, adem\u00e1s, que del total de 14 millones de asalariados, un 33,4% no est\u00e1 registrado, es decir que carece de descuento jubilatorio y obra social. Esto totaliza unos 4,7 millones de trabajadores que, adem\u00e1s, ganan entre un 30 y un 50% menos que lo que obtendr\u00edan por igual empleo en blanco. Esa informalidad cae al 7,8% en Tierra del Fuego, pero trepa al 44,8% en Salta y al 42,3% en Tucum\u00e1n.<\/p>\n<p>\u201cEsta radiograf\u00eda plantea un enorme desaf\u00edo. Es preciso crear empleo, pero sobre todo empleo de calidad, que permita no s\u00f3lo reducir la desocupaci\u00f3n y la subocupaci\u00f3n, sino tambi\u00e9n disminuir dr\u00e1sticamente el empleo informal y precario. Para ello, se requiere un verdadero shock de inversiones productivas que dinamice el crecimiento econ\u00f3mico y la demanda de trabajo\u201d, indica V\u00edctor Beker, director del CENE.<\/p>\n","protected":false},"excerpt":{"rendered":"<p>\u00a0 Un informe de la Universidad de Belgrano detalla que el 59,3% de la poblaci\u00f3n econ\u00f3micamente activa exhibe dificultades con su situaci\u00f3n laboral, sea porque esta desocupado, subocupado, ocupado buscando trabajo o sobreocupado. Casi el 60% de la poblaci\u00f3n econ\u00f3micamente activa tiene problemas de empleo dice un informe del Centro de Estudios de la Nueva&hellip;<\/p>\n","protected":false},"author":1,"featured_media":0,"comment_status":"open","ping_status":"open","sticky":false,"template":"","format":"standard","meta":{"footnotes":""},"categories":[25],"tags":[24774,24776,1300,24775],"class_list":["post-63465","post","type-post","status-publish","format-standard","hentry","category-sociedad","tag-cene","tag-desocupado","tag-empleo","tag-universidad-de-belgrano"],"_links":{"self":[{"href":"https:\/\/www.elsindical.com.ar\/notas\/wp-json\/wp\/v2\/posts\/63465","targetHints":{"allow":["GET"]}}],"collection":[{"href":"https:\/\/www.elsindical.com.ar\/notas\/wp-json\/wp\/v2\/posts"}],"about":[{"href":"https:\/\/www.elsindical.com.ar\/notas\/wp-json\/wp\/v2\/types\/post"}],"author":[{"embeddable":true,"href":"https:\/\/www.elsindical.com.ar\/notas\/wp-json\/wp\/v2\/users\/1"}],"replies":[{"embeddable":true,"href":"https:\/\/www.elsindical.com.ar\/notas\/wp-json\/wp\/v2\/comments?post=63465"}],"version-history":[{"count":1,"href":"https:\/\/www.elsindical.com.ar\/notas\/wp-json\/wp\/v2\/posts\/63465\/revisions"}],"predecessor-version":[{"id":63467,"href":"https:\/\/www.elsindical.com.ar\/notas\/wp-json\/wp\/v2\/posts\/63465\/revisions\/63467"}],"wp:attachment":[{"href":"https:\/\/www.elsindical.com.ar\/notas\/wp-json\/wp\/v2\/media?parent=63465"}],"wp:term":[{"taxonomy":"category","embeddable":true,"href":"https:\/\/www.elsindical.com.ar\/notas\/wp-json\/wp\/v2\/categories?post=63465"},{"taxonomy":"post_tag","embeddable":true,"href":"https:\/\/www.elsindical.com.ar\/notas\/wp-json\/wp\/v2\/tags?post=63465"}],"curies":[{"name":"wp","href":"https:\/\/api.w.org\/{rel}","templated":true}]}}