{"id":63447,"date":"2016-11-13T16:49:52","date_gmt":"2016-11-13T19:49:52","guid":{"rendered":"http:\/\/www.elsindical.com.ar\/notas\/?p=63447"},"modified":"2016-11-13T16:49:52","modified_gmt":"2016-11-13T19:49:52","slug":"ezeiza-colombiano-detenido-con-7-000-pastillas-de-extasis","status":"publish","type":"post","link":"https:\/\/www.elsindical.com.ar\/notas\/ezeiza-colombiano-detenido-con-7-000-pastillas-de-extasis\/","title":{"rendered":"Ezeiza: colombiano detenido con 7.000 pastillas de \u00e9xtasis"},"content":{"rendered":"<p><em><a href=\"http:\/\/www.elsindical.com.ar\/notas\/var\/www\/html\/notas\/wp-content\/uploads\/2016\/11\/\u00e9xtasis-Ezeiza-secuestro-01.jpg\"><img loading=\"lazy\" decoding=\"async\" class=\"alignnone size-medium wp-image-63448\" src=\"http:\/\/www.elsindical.com.ar\/notas\/var\/www\/html\/notas\/wp-content\/uploads\/2016\/11\/\u00e9xtasis-Ezeiza-secuestro-01-300x170.jpg\" alt=\"extasis-ezeiza-secuestro-01\" width=\"300\" height=\"170\" srcset=\"https:\/\/www.elsindical.com.ar\/notas\/var\/www\/html\/notas\/wp-content\/uploads\/2016\/11\/\u00e9xtasis-Ezeiza-secuestro-01-300x170.jpg 300w, https:\/\/www.elsindical.com.ar\/notas\/var\/www\/html\/notas\/wp-content\/uploads\/2016\/11\/\u00e9xtasis-Ezeiza-secuestro-01-500x283.jpg 500w, https:\/\/www.elsindical.com.ar\/notas\/var\/www\/html\/notas\/wp-content\/uploads\/2016\/11\/\u00e9xtasis-Ezeiza-secuestro-01.jpg 630w\" sizes=\"auto, (max-width: 300px) 100vw, 300px\" \/><\/a>\u00a0 Un joven de 25 a\u00f1os de edad fue descubierto por la Aduana Argentina en el aeropuerto de Ezeiza en un intento por ingresar la droga en una mochila.<\/em><\/p>\n<p>Un joven de 25 a\u00f1os fue detenido el 12 de noviembre por la ma\u00f1ana en el aeropuerto internacional de Ezeiza intentando ingresar cerca de 7.000 pastillas de \u00e9xtasis a la Argentina en un doble fondo de su valija, tras lo cual qued\u00f3 detenido por la divisi\u00f3n de drogas aduanera, puesto de inmediato a disposici\u00f3n de la Justicia.<span class=\"Apple-converted-space\">\u00a0<\/span><\/p>\n<p>Franklin Steven Rodr\u00edguez Gallego, el detenido, lleg\u00f3 por la ma\u00f1ana desde Par\u00eds en el vuelo AF 394 de Air France, y fue descubierto cuando los inspectores de la Aduana analizaron su equipaje en una m\u00e1quina de rayos x; acto seguido, el jefe de turno de la Secci\u00f3n Control de Equipaje de la Aduana de Ezeiza, Mat\u00edas Rizzoli, y el jefe de turno, Mariano Moroni dieron el aviso a las fuerzas de seguridad de la Aduana.<span class=\"Apple-converted-space\">\u00a0<\/span><\/p>\n<p>El detenido ten\u00eda en su poder 6.930 pastillas en siete planchas, de la variedad Pikachu y Diamante. Las verdes tienen la forma de la piedra preciosa, mientras que las amarillas est\u00e1n hechas con la silueta del personaje de Pokemon. Seg\u00fan la prueba reactiva, la droga que le encontraron en su equipaje es en un 99% MDMA, un estupefaciente de la familia de las anfetaminas, m\u00e1s conocido como \u00e9xtasis.<\/p>\n<p>El narco ten\u00eda pasaje de vuelta para el d\u00eda 6 de diciembre en el vuelo KL 702, con destino a Amsterdam desde donde har\u00eda combinaci\u00f3n con el KL 1233 rumbo a Par\u00eds.<span class=\"Apple-converted-space\">\u00a0<\/span><\/p>\n<p>El colombiano-espa\u00f1ol qued\u00f3 detenido en los calabozos del aeropuerto internacional de Ezeiza, que est\u00e1n bajo el control de la Polic\u00eda de Seguridad Aeroportuaria (PSA), y el lunes ser\u00e1 trasladado para que le tomen declaraci\u00f3n indagatoria. Est\u00e1 a disposici\u00f3n de la jueza de turno, Patricia Mieres.<\/p>\n<p><a href=\"http:\/\/www.elsindical.com.ar\/notas\/var\/www\/html\/notas\/wp-content\/uploads\/2016\/11\/\u00e9xtasis-Ezeiza-secuestro-02.jpg\"><img loading=\"lazy\" decoding=\"async\" class=\"alignnone size-medium wp-image-63449\" src=\"http:\/\/www.elsindical.com.ar\/notas\/var\/www\/html\/notas\/wp-content\/uploads\/2016\/11\/\u00e9xtasis-Ezeiza-secuestro-02-300x170.jpg\" alt=\"extasis-ezeiza-secuestro-02\" width=\"300\" height=\"170\" srcset=\"https:\/\/www.elsindical.com.ar\/notas\/var\/www\/html\/notas\/wp-content\/uploads\/2016\/11\/\u00e9xtasis-Ezeiza-secuestro-02-300x170.jpg 300w, https:\/\/www.elsindical.com.ar\/notas\/var\/www\/html\/notas\/wp-content\/uploads\/2016\/11\/\u00e9xtasis-Ezeiza-secuestro-02-500x283.jpg 500w, https:\/\/www.elsindical.com.ar\/notas\/var\/www\/html\/notas\/wp-content\/uploads\/2016\/11\/\u00e9xtasis-Ezeiza-secuestro-02.jpg 630w\" sizes=\"auto, (max-width: 300px) 100vw, 300px\" \/><\/a><\/p>\n","protected":false},"excerpt":{"rendered":"<p>\u00a0 Un joven de 25 a\u00f1os de edad fue descubierto por la Aduana Argentina en el aeropuerto de Ezeiza en un intento por ingresar la droga en una mochila. Un joven de 25 a\u00f1os fue detenido el 12 de noviembre por la ma\u00f1ana en el aeropuerto internacional de Ezeiza intentando ingresar cerca de 7.000 pastillas&hellip;<\/p>\n","protected":false},"author":1,"featured_media":0,"comment_status":"open","ping_status":"open","sticky":false,"template":"","format":"standard","meta":{"footnotes":""},"categories":[22],"tags":[24770,2218,661,839],"class_list":["post-63447","post","type-post","status-publish","format-standard","hentry","category-policiales","tag-aduana-argentina","tag-extasis","tag-ezeiza","tag-psa"],"_links":{"self":[{"href":"https:\/\/www.elsindical.com.ar\/notas\/wp-json\/wp\/v2\/posts\/63447","targetHints":{"allow":["GET"]}}],"collection":[{"href":"https:\/\/www.elsindical.com.ar\/notas\/wp-json\/wp\/v2\/posts"}],"about":[{"href":"https:\/\/www.elsindical.com.ar\/notas\/wp-json\/wp\/v2\/types\/post"}],"author":[{"embeddable":true,"href":"https:\/\/www.elsindical.com.ar\/notas\/wp-json\/wp\/v2\/users\/1"}],"replies":[{"embeddable":true,"href":"https:\/\/www.elsindical.com.ar\/notas\/wp-json\/wp\/v2\/comments?post=63447"}],"version-history":[{"count":2,"href":"https:\/\/www.elsindical.com.ar\/notas\/wp-json\/wp\/v2\/posts\/63447\/revisions"}],"predecessor-version":[{"id":63451,"href":"https:\/\/www.elsindical.com.ar\/notas\/wp-json\/wp\/v2\/posts\/63447\/revisions\/63451"}],"wp:attachment":[{"href":"https:\/\/www.elsindical.com.ar\/notas\/wp-json\/wp\/v2\/media?parent=63447"}],"wp:term":[{"taxonomy":"category","embeddable":true,"href":"https:\/\/www.elsindical.com.ar\/notas\/wp-json\/wp\/v2\/categories?post=63447"},{"taxonomy":"post_tag","embeddable":true,"href":"https:\/\/www.elsindical.com.ar\/notas\/wp-json\/wp\/v2\/tags?post=63447"}],"curies":[{"name":"wp","href":"https:\/\/api.w.org\/{rel}","templated":true}]}}