{"id":63435,"date":"2016-11-13T02:42:54","date_gmt":"2016-11-13T05:42:54","guid":{"rendered":"http:\/\/www.elsindical.com.ar\/notas\/?p=63435"},"modified":"2016-11-13T02:42:54","modified_gmt":"2016-11-13T05:42:54","slug":"fallecio-el-actor-oscar-alegre","status":"publish","type":"post","link":"https:\/\/www.elsindical.com.ar\/notas\/fallecio-el-actor-oscar-alegre\/","title":{"rendered":"Falleci\u00f3 el actor Oscar Alegre"},"content":{"rendered":"<p><em><a href=\"http:\/\/www.elsindical.com.ar\/notas\/var\/www\/html\/notas\/wp-content\/uploads\/2016\/11\/fallecimiento-Oscar-Alegre.jpg\"><img loading=\"lazy\" decoding=\"async\" class=\"alignnone size-medium wp-image-63436\" src=\"http:\/\/www.elsindical.com.ar\/notas\/var\/www\/html\/notas\/wp-content\/uploads\/2016\/11\/fallecimiento-Oscar-Alegre-300x200.jpg\" alt=\"fallecimiento-oscar-alegre\" width=\"300\" height=\"200\" srcset=\"https:\/\/www.elsindical.com.ar\/notas\/var\/www\/html\/notas\/wp-content\/uploads\/2016\/11\/fallecimiento-Oscar-Alegre-300x200.jpg 300w, https:\/\/www.elsindical.com.ar\/notas\/var\/www\/html\/notas\/wp-content\/uploads\/2016\/11\/fallecimiento-Oscar-Alegre-450x300.jpg 450w, https:\/\/www.elsindical.com.ar\/notas\/var\/www\/html\/notas\/wp-content\/uploads\/2016\/11\/fallecimiento-Oscar-Alegre.jpg 480w\" sizes=\"auto, (max-width: 300px) 100vw, 300px\" \/><\/a>\u00a0\u00a0 Due\u00f1o de una extensa trayectoria que comprendi\u00f3 m\u00e1s de 30 pel\u00edculas y tambi\u00e9n una intensa actividad teatral. La despedida de sus restos ser\u00e1 en la Capilla del Cementerio de la Chacarita, y luego, en el Pante\u00f3n de Actores. No habr\u00e1 velatorio.<\/em><\/p>\n<p style=\"margin: 1.12em 0px !important; padding: 0px; color: #333333; text-transform: none; text-indent: 0px; letter-spacing: normal; font-family: 'Source Sans Pro', sans-serif; font-size: 15px; font-style: normal; font-weight: normal; word-spacing: 0px; white-space: normal; orphans: 2; widows: 2; background-color: #ffffff; font-variant-ligatures: normal; font-variant-caps: normal; -webkit-text-stroke-width: 0px;\">El actor<span class=\"Apple-converted-space\">\u00a0<\/span><strong>Oscar Alegre<\/strong>, due\u00f1o de una extensa trayectoria que comprendi\u00f3 m\u00e1s de 30 pel\u00edculas y tambi\u00e9n una intensa actividad teatral, falleci\u00f3 este s\u00e1bado a los 77 a\u00f1os, inform\u00f3 la<span class=\"Apple-converted-space\">\u00a0<\/span><em>Asociaci\u00f3n Argentina de Actores<\/em>.<\/p>\n<p>Entre su<span class=\"text_exposed_show\">s trabajos cinematogr\u00e1ficos se destacan \u201cSol de oto\u00f1o\u201d, \u201cUna noche con Sabrina Love\u201d, \u201cBuena Vida Delivery\u201d, \u201cEl ni\u00f1o de barro\u201d, \u201cHermanitos del fin del mundo\u201d, \u201cTodos tenemos un plan\u201d, \u201cPaternoster\u201d, \u201cDiarios de motocicleta\u201d, \u201cLa vida por Per\u00f3n\u201d, \u201cLa fuga\u201d. Su \u00faltima labor en la pantalla grande en el film \u201cEl jugador\u201d, pr\u00f3ximo a estrenarse, con Alejandro Awada y Pablo Rago, dirigida por Dan Gueller.<\/span><\/p>\n<div class=\"text_exposed_show\">\n<p>En televisi\u00f3n, particip\u00f3 de los programas \u201cEpitafios\u201d, \u201cCasados con hijos\u201d, \u201cMosca &amp; Smith\u201d, \u201cLocas de amor\u201d, \u201cFranco Buenaventura, el profe\u201d, \u201cYago, pasi\u00f3n morena\u201d, \u201cValientes\u201d, \u201cMujeres asesinas\u201d, \u201cLos simuladores\u201d, \u201cHistorias de sexo de gente com\u00fan\u201d, \u201cHistorias del coraz\u00f3n\u201d, \u201cEl elegido\u201d, entre otros.<\/p>\n<p>Entre las \u00faltimas obras teatrales de las que form\u00f3 parte se encuentran \u201cLas Brujas de Salem\u201d con Juan Gil Navarro, Lali Esp\u00f3sito y Roberto Carnaghi y \u201cCodicia\u201d junto a Facundo Arana, Luis Ziembrowski, Jorge D\u00b4El\u00eda, Federico Olivera y Alejandro Awada, ambas dirigidas por Marcelo Cosentino.<\/p>\n<\/div>\n","protected":false},"excerpt":{"rendered":"<p>\u00a0\u00a0 Due\u00f1o de una extensa trayectoria que comprendi\u00f3 m\u00e1s de 30 pel\u00edculas y tambi\u00e9n una intensa actividad teatral. La despedida de sus restos ser\u00e1 en la Capilla del Cementerio de la Chacarita, y luego, en el Pante\u00f3n de Actores. No habr\u00e1 velatorio. El actor\u00a0Oscar Alegre, due\u00f1o de una extensa trayectoria que comprendi\u00f3 m\u00e1s de 30&hellip;<\/p>\n","protected":false},"author":1,"featured_media":0,"comment_status":"open","ping_status":"open","sticky":false,"template":"","format":"standard","meta":{"footnotes":""},"categories":[15],"tags":[396,24767,24450],"class_list":["post-63435","post","type-post","status-publish","format-standard","hentry","category-espectaculos","tag-chacarita","tag-oscar-alegre","tag-panteon-de-actores"],"_links":{"self":[{"href":"https:\/\/www.elsindical.com.ar\/notas\/wp-json\/wp\/v2\/posts\/63435","targetHints":{"allow":["GET"]}}],"collection":[{"href":"https:\/\/www.elsindical.com.ar\/notas\/wp-json\/wp\/v2\/posts"}],"about":[{"href":"https:\/\/www.elsindical.com.ar\/notas\/wp-json\/wp\/v2\/types\/post"}],"author":[{"embeddable":true,"href":"https:\/\/www.elsindical.com.ar\/notas\/wp-json\/wp\/v2\/users\/1"}],"replies":[{"embeddable":true,"href":"https:\/\/www.elsindical.com.ar\/notas\/wp-json\/wp\/v2\/comments?post=63435"}],"version-history":[{"count":1,"href":"https:\/\/www.elsindical.com.ar\/notas\/wp-json\/wp\/v2\/posts\/63435\/revisions"}],"predecessor-version":[{"id":63437,"href":"https:\/\/www.elsindical.com.ar\/notas\/wp-json\/wp\/v2\/posts\/63435\/revisions\/63437"}],"wp:attachment":[{"href":"https:\/\/www.elsindical.com.ar\/notas\/wp-json\/wp\/v2\/media?parent=63435"}],"wp:term":[{"taxonomy":"category","embeddable":true,"href":"https:\/\/www.elsindical.com.ar\/notas\/wp-json\/wp\/v2\/categories?post=63435"},{"taxonomy":"post_tag","embeddable":true,"href":"https:\/\/www.elsindical.com.ar\/notas\/wp-json\/wp\/v2\/tags?post=63435"}],"curies":[{"name":"wp","href":"https:\/\/api.w.org\/{rel}","templated":true}]}}