{"id":63377,"date":"2016-11-10T17:01:29","date_gmt":"2016-11-10T20:01:29","guid":{"rendered":"http:\/\/www.elsindical.com.ar\/notas\/?p=63377"},"modified":"2016-11-10T17:01:29","modified_gmt":"2016-11-10T20:01:29","slug":"sin-clases-en-escuelas-bonaerenses-por-paro-de-docentes-y-estatales","status":"publish","type":"post","link":"https:\/\/www.elsindical.com.ar\/notas\/sin-clases-en-escuelas-bonaerenses-por-paro-de-docentes-y-estatales\/","title":{"rendered":"Sin clases en escuelas bonaerenses por paro de docentes y estatales"},"content":{"rendered":"<p class=\"copete\"><em><a href=\"http:\/\/www.elsindical.com.ar\/notas\/var\/www\/html\/notas\/wp-content\/uploads\/2016\/11\/movilizaci\u00f3n-Frente-Gremial-Docente.jpg\"><img loading=\"lazy\" decoding=\"async\" class=\"alignnone size-medium wp-image-63378\" src=\"http:\/\/www.elsindical.com.ar\/notas\/var\/www\/html\/notas\/wp-content\/uploads\/2016\/11\/movilizaci\u00f3n-Frente-Gremial-Docente-300x176.jpg\" alt=\"movilizacion-frente-gremial-docente\" width=\"300\" height=\"176\" srcset=\"https:\/\/www.elsindical.com.ar\/notas\/var\/www\/html\/notas\/wp-content\/uploads\/2016\/11\/movilizaci\u00f3n-Frente-Gremial-Docente-300x176.jpg 300w, https:\/\/www.elsindical.com.ar\/notas\/var\/www\/html\/notas\/wp-content\/uploads\/2016\/11\/movilizaci\u00f3n-Frente-Gremial-Docente-500x293.jpg 500w, https:\/\/www.elsindical.com.ar\/notas\/var\/www\/html\/notas\/wp-content\/uploads\/2016\/11\/movilizaci\u00f3n-Frente-Gremial-Docente.jpg 690w\" sizes=\"auto, (max-width: 300px) 100vw, 300px\" \/><\/a>\u00a0 M\u00e1s de 4 millones de alumnos perder\u00e1n una nueva jornada del ciclo lectivo. Cr\u00edticas de la gobernadora a los gremios docentes.<\/em><\/p>\n<p>La escuelas p\u00fablicas y privadas de la provincia de Buenos Aires permanecer\u00e1n cerradas este jueves 10 de noviembre por un <strong>paro de actividades de 24 horas<\/strong> convocado en forma paralela por los gremios docentes y la organizaci\u00f3n ATE que nuclea a porteros y auxiliares.<\/p>\n<p>En relaci\u00f3n a los maestros, se trata del quinto paro del a\u00f1o <strong>impulsado por el Frente Gremial Docente <\/strong>que integran FEB, SUTEBA, AMET, SADOP y UDA. En esta oportunidad, los docentes piden reapertura de paritarias, activar la cl\u00e1usula de reajuste salarial y repudian las irregularidades en el cobro de salarios, entre otros puntos.<\/p>\n<p>\u00abEl Gobierno Provincial que dice apostar al di\u00e1logo y al consenso, decide realizar exposiciones medi\u00e1ticas que distorsionan la realidad, d\u00e1ndole la espalda a los Docentes Bonaerenses, una vez m\u00e1s demostrando su decisi\u00f3n pol\u00edtica de no escuchar ni garantizar la resoluci\u00f3n de los reclamos planteados\u00bb, expresaron.<\/p>\n<p>Por su parte, habr\u00e1 huelga de los trabajadores estatales nucleados en <strong>ATE Buenos Aires<\/strong> en demanda de mejoras salariales, en el marco del paro nacional convocado por la el gremio en todo el pa\u00eds contra el ajunto y por la reincoporaci\u00f3n de los cesanteados en la \u00f3rbita estatal.<\/p>\n<p>La organizaci\u00f3n bonaerense que conduce<strong> Oscar de Isasi <\/strong>decidi\u00f3 adherir a la protesta a pesar de haber sido convocados para el pr\u00f3ximo 15 de noviembre, junto al resto de los gremios con representaci\u00f3n en el Estado provincial, por el gobierno de <strong>Mar\u00eda Eugenia Vidal <\/strong>a discutir un nuevo aumento salarial para el sector.<\/p>\n<p>La mandataria provincial emiti\u00f3 duras cr\u00edticas contra los gremios docentes, asegur\u00f3 que el paro \u00abno es el camino\u00bb y remarc\u00f3 que \u00abhicimos un esfuerzo con todos los estatales, lamento que \u00e9ste sea el camino y que los chicos y sus familias queden como rehenes\u00bb.<\/p>\n<p>\u00abSiempre pienso que hay que agotar las instancias antes de tomar esta decisi\u00f3n. Hay millones de familias y de chicos que son perjudicados. No es el camino. Con el presidente <strong>hicimos un gran esfuerzo a principios de a\u00f1o <\/strong>para acordar una paritaria anual: pusimos una cl\u00e1usula que indicaba que, si la inflaci\u00f3n superaba el incremento, \u00edbamos a reabrir. Hasta el d\u00eda de hoy, eso no ha sucedido\u00bb, sostuvo.<\/p>\n","protected":false},"excerpt":{"rendered":"<p>\u00a0 M\u00e1s de 4 millones de alumnos perder\u00e1n una nueva jornada del ciclo lectivo. Cr\u00edticas de la gobernadora a los gremios docentes. La escuelas p\u00fablicas y privadas de la provincia de Buenos Aires permanecer\u00e1n cerradas este jueves 10 de noviembre por un paro de actividades de 24 horas convocado en forma paralela por los gremios&hellip;<\/p>\n","protected":false},"author":1,"featured_media":0,"comment_status":"open","ping_status":"open","sticky":false,"template":"","format":"standard","meta":{"footnotes":""},"categories":[16],"tags":[4323,497,586,23516,67,778,5204,2720],"class_list":["post-63377","post","type-post","status-publish","format-standard","hentry","category-gremiales","tag-amet","tag-docentes","tag-estatales","tag-fet","tag-paro","tag-sadop","tag-suteba","tag-uda"],"_links":{"self":[{"href":"https:\/\/www.elsindical.com.ar\/notas\/wp-json\/wp\/v2\/posts\/63377","targetHints":{"allow":["GET"]}}],"collection":[{"href":"https:\/\/www.elsindical.com.ar\/notas\/wp-json\/wp\/v2\/posts"}],"about":[{"href":"https:\/\/www.elsindical.com.ar\/notas\/wp-json\/wp\/v2\/types\/post"}],"author":[{"embeddable":true,"href":"https:\/\/www.elsindical.com.ar\/notas\/wp-json\/wp\/v2\/users\/1"}],"replies":[{"embeddable":true,"href":"https:\/\/www.elsindical.com.ar\/notas\/wp-json\/wp\/v2\/comments?post=63377"}],"version-history":[{"count":1,"href":"https:\/\/www.elsindical.com.ar\/notas\/wp-json\/wp\/v2\/posts\/63377\/revisions"}],"predecessor-version":[{"id":63379,"href":"https:\/\/www.elsindical.com.ar\/notas\/wp-json\/wp\/v2\/posts\/63377\/revisions\/63379"}],"wp:attachment":[{"href":"https:\/\/www.elsindical.com.ar\/notas\/wp-json\/wp\/v2\/media?parent=63377"}],"wp:term":[{"taxonomy":"category","embeddable":true,"href":"https:\/\/www.elsindical.com.ar\/notas\/wp-json\/wp\/v2\/categories?post=63377"},{"taxonomy":"post_tag","embeddable":true,"href":"https:\/\/www.elsindical.com.ar\/notas\/wp-json\/wp\/v2\/tags?post=63377"}],"curies":[{"name":"wp","href":"https:\/\/api.w.org\/{rel}","templated":true}]}}