{"id":63338,"date":"2016-11-07T14:12:25","date_gmt":"2016-11-07T17:12:25","guid":{"rendered":"http:\/\/www.elsindical.com.ar\/notas\/?p=63338"},"modified":"2016-11-07T14:12:25","modified_gmt":"2016-11-07T17:12:25","slug":"belgrano-asaltan-y-desfiguran-al-actor-jorge-martinez","status":"publish","type":"post","link":"https:\/\/www.elsindical.com.ar\/notas\/belgrano-asaltan-y-desfiguran-al-actor-jorge-martinez\/","title":{"rendered":"Belgrano: asaltan y desfiguran al actor Jorge Mart\u00ednez"},"content":{"rendered":"<p><em><a href=\"http:\/\/www.elsindical.com.ar\/notas\/var\/www\/html\/notas\/wp-content\/uploads\/2016\/11\/Jorge-Mart\u00ednez.jpg\"><img loading=\"lazy\" decoding=\"async\" class=\"alignnone size-medium wp-image-63339\" src=\"http:\/\/www.elsindical.com.ar\/notas\/var\/www\/html\/notas\/wp-content\/uploads\/2016\/11\/Jorge-Mart\u00ednez-300x170.jpg\" alt=\"jorge-martinez\" width=\"300\" height=\"170\" srcset=\"https:\/\/www.elsindical.com.ar\/notas\/var\/www\/html\/notas\/wp-content\/uploads\/2016\/11\/Jorge-Mart\u00ednez-300x170.jpg 300w, https:\/\/www.elsindical.com.ar\/notas\/var\/www\/html\/notas\/wp-content\/uploads\/2016\/11\/Jorge-Mart\u00ednez-500x283.jpg 500w, https:\/\/www.elsindical.com.ar\/notas\/var\/www\/html\/notas\/wp-content\/uploads\/2016\/11\/Jorge-Mart\u00ednez.jpg 630w\" sizes=\"auto, (max-width: 300px) 100vw, 300px\" \/><\/a>\u00a0 El protagonista de tantas novelas en nuestro pa\u00eds y en el exterior fue v\u00edctima de un violento asalto en el barrio porte\u00f1o de Belgrano.\u00a0\u00a0\u00a0\u00a0<\/em><\/p>\n<p>Jorge Mart\u00ednez fue asaltado y desfigurado por delincuentes en un violento hecho de inseguridad en el barrio porte\u00f1o de Belgrano. El actor fue abordado en la v\u00eda p\u00fablica donde, adem\u00e1s del robo, sufri\u00f3 golpes en su rostro.<\/p>\n<p>\u00abEl hecho sucedi\u00f3 a las cinco de la tarde. Le afanaron todo. Le rompieron la cara, pero est\u00e1 bien. Se encuentra fuera de peligro\u00bb, precis\u00f3 el periodista L\u00edo Pecoraro en Informad\u00edsimos.<\/p>\n<p>Adem\u00e1s, el periodista indic\u00f3 en su cuenta de Twitter que Mart\u00ednez \u00abtras el violento asalto y desfiguraci\u00f3n de su rostro debi\u00f3 suspender la filmaci\u00f3n en donde representa a un presidente\u00bb.<\/p>\n","protected":false},"excerpt":{"rendered":"<p>\u00a0 El protagonista de tantas novelas en nuestro pa\u00eds y en el exterior fue v\u00edctima de un violento asalto en el barrio porte\u00f1o de Belgrano.\u00a0\u00a0\u00a0\u00a0 Jorge Mart\u00ednez fue asaltado y desfigurado por delincuentes en un violento hecho de inseguridad en el barrio porte\u00f1o de Belgrano. El actor fue abordado en la v\u00eda p\u00fablica donde, adem\u00e1s&hellip;<\/p>\n","protected":false},"author":1,"featured_media":0,"comment_status":"open","ping_status":"open","sticky":false,"template":"","format":"standard","meta":{"footnotes":""},"categories":[22],"tags":[1225,24746,116],"class_list":["post-63338","post","type-post","status-publish","format-standard","hentry","category-policiales","tag-belgrano","tag-jorge-martinez","tag-robo"],"_links":{"self":[{"href":"https:\/\/www.elsindical.com.ar\/notas\/wp-json\/wp\/v2\/posts\/63338","targetHints":{"allow":["GET"]}}],"collection":[{"href":"https:\/\/www.elsindical.com.ar\/notas\/wp-json\/wp\/v2\/posts"}],"about":[{"href":"https:\/\/www.elsindical.com.ar\/notas\/wp-json\/wp\/v2\/types\/post"}],"author":[{"embeddable":true,"href":"https:\/\/www.elsindical.com.ar\/notas\/wp-json\/wp\/v2\/users\/1"}],"replies":[{"embeddable":true,"href":"https:\/\/www.elsindical.com.ar\/notas\/wp-json\/wp\/v2\/comments?post=63338"}],"version-history":[{"count":1,"href":"https:\/\/www.elsindical.com.ar\/notas\/wp-json\/wp\/v2\/posts\/63338\/revisions"}],"predecessor-version":[{"id":63340,"href":"https:\/\/www.elsindical.com.ar\/notas\/wp-json\/wp\/v2\/posts\/63338\/revisions\/63340"}],"wp:attachment":[{"href":"https:\/\/www.elsindical.com.ar\/notas\/wp-json\/wp\/v2\/media?parent=63338"}],"wp:term":[{"taxonomy":"category","embeddable":true,"href":"https:\/\/www.elsindical.com.ar\/notas\/wp-json\/wp\/v2\/categories?post=63338"},{"taxonomy":"post_tag","embeddable":true,"href":"https:\/\/www.elsindical.com.ar\/notas\/wp-json\/wp\/v2\/tags?post=63338"}],"curies":[{"name":"wp","href":"https:\/\/api.w.org\/{rel}","templated":true}]}}