{"id":63336,"date":"2016-11-07T14:04:09","date_gmt":"2016-11-07T17:04:09","guid":{"rendered":"http:\/\/www.elsindical.com.ar\/notas\/?p=63336"},"modified":"2016-11-07T14:04:09","modified_gmt":"2016-11-07T17:04:09","slug":"las-ventas-minoristas-cayeron-82-por-ciento-en-octubre","status":"publish","type":"post","link":"https:\/\/www.elsindical.com.ar\/notas\/las-ventas-minoristas-cayeron-82-por-ciento-en-octubre\/","title":{"rendered":"Las ventas minoristas cayeron 8,2 por ciento en octubre"},"content":{"rendered":"<p><em>\u00a0 <a href=\"http:\/\/www.elsindical.com.ar\/notas\/var\/www\/html\/notas\/wp-content\/uploads\/2016\/04\/venta-electrodom\u00e9sticos.jpg\"><img loading=\"lazy\" decoding=\"async\" class=\"alignnone size-medium wp-image-58489\" src=\"http:\/\/www.elsindical.com.ar\/notas\/var\/www\/html\/notas\/wp-content\/uploads\/2016\/04\/venta-electrodom\u00e9sticos-300x158.jpg\" alt=\"venta-electrodom\u00e9sticos\" width=\"300\" height=\"158\" srcset=\"https:\/\/www.elsindical.com.ar\/notas\/var\/www\/html\/notas\/wp-content\/uploads\/2016\/04\/venta-electrodom\u00e9sticos-300x158.jpg 300w, https:\/\/www.elsindical.com.ar\/notas\/var\/www\/html\/notas\/wp-content\/uploads\/2016\/04\/venta-electrodom\u00e9sticos-500x263.jpg 500w, https:\/\/www.elsindical.com.ar\/notas\/var\/www\/html\/notas\/wp-content\/uploads\/2016\/04\/venta-electrodom\u00e9sticos.jpg 531w\" sizes=\"auto, (max-width: 300px) 100vw, 300px\" \/><\/a>La baja es en relaci\u00f3n al mismo mes del a\u00f1o pasado. Las ventas acumulan una baja promedio del 7% en lo que va de 2016. Electrodom\u00e9sticos y art\u00edculos electr\u00f3nicos, los rubros m\u00e1s afectados.<\/em><\/p>\n<p>Por d\u00e9cimo mes consecutivo, las ventas minoristas volvieron a caer en octubre al mostrar una merma de 8,2% en cantidades frente al mismo mes del a\u00f1o pasado, inform\u00f3 hoy la Confederaci\u00f3n Argentina de la Mediana Empresa (CAME).<\/p>\n<p>Con ese resultado, en lo que va de 2016 las ventas acumulan una baja promedio de 7% interanual anual, puntualiz\u00f3 la entidad empresaria.<\/p>\n<p>En un comunicado, CAME detall\u00f3 que las ca\u00eddas anuales m\u00e1s pronunciadas durante octubre ocurrieron en: \u2018Electrodom\u00e9sticos y art\u00edculos electr\u00f3nicos\u2019 (-13,9%), \u2018Ferreter\u00edas\u2019 (-12,4%), Materiales el\u00e9ctricos\u2019 (-11,2%), \u2018Materiales para la construcci\u00f3n\u2019 (-10,7%), \u2018Textil e indumentaria\u2019 (-9,7%) y `Bazar y regalos\u2019 (-9,7%) y \u2018Textil\u2013Blanco\u2019 (-9,4%).<\/p>\n<p>Adem\u00e1s, advirti\u00f3 que el mes pasado fue \u00abel d\u00e9cimo periodo consecutivo en que las ventas se retraen y lejos de recuperarse, en el segundo semestre como se anticipaba a principios de a\u00f1o, las ca\u00eddas se fueron acentuando, dejando a los comercios en una situaci\u00f3n delicada\u00bb.<\/p>\n<p>\u00abOctubre fue levemente mejor que septiembre porque naturalmente es un mes donde la venta suele levantar un poco, pero muy lejos de los niveles esperados\u00bb, a\u00f1adi\u00f3.<\/p>\n<p>Tambi\u00e9n se\u00f1al\u00f3 que \u00abhubo poca gente mirando y comprando. Las posibilidades de financiamiento que ofreci\u00f3 el mercado tampoco alcanzaron para reactivar la venta porque la gente tiene las tarjetas muy cargadas y evit\u00f3 endeudarse. Eso se sinti\u00f3 especialmente en el consumo de bienes durables y semi-durables, donde las operaciones cayeron considerablemente\u00bb.<\/p>\n<p>Para CAME, octubre \u00abfue tranquilo, las ventas s\u00f3lo repuntaron durante la semana previa al D\u00eda de la Madre. Sin embargo, la fecha fue muy moderada por la falta de poder adquisitivo de las familias y las facturaciones finalizaron muy por debajo del a\u00f1o pasado\u00bb.<\/p>\n<p>Por otra parte, la entidad insisti\u00f3 con que la venta ilegal en la v\u00eda p\u00fablica \u00abcomplic\u00f3 al comercio minorista en muchas ciudades del pa\u00eds. Ofreciendo precios m\u00e1s atractivos porque no pagan impuestos ni otras obligaciones formales, manteros y puesteros de saladitas aprovecharon el contexto para captar compras\u00bb.<\/p>\n","protected":false},"excerpt":{"rendered":"<p>\u00a0 La baja es en relaci\u00f3n al mismo mes del a\u00f1o pasado. Las ventas acumulan una baja promedio del 7% en lo que va de 2016. Electrodom\u00e9sticos y art\u00edculos electr\u00f3nicos, los rubros m\u00e1s afectados. Por d\u00e9cimo mes consecutivo, las ventas minoristas volvieron a caer en octubre al mostrar una merma de 8,2% en cantidades frente&hellip;<\/p>\n","protected":false},"author":1,"featured_media":0,"comment_status":"open","ping_status":"open","sticky":false,"template":"","format":"standard","meta":{"footnotes":""},"categories":[9],"tags":[7187,4768,24745],"class_list":["post-63336","post","type-post","status-publish","format-standard","hentry","category-economia","tag-came","tag-electrodomesticos","tag-venta-minorista"],"_links":{"self":[{"href":"https:\/\/www.elsindical.com.ar\/notas\/wp-json\/wp\/v2\/posts\/63336","targetHints":{"allow":["GET"]}}],"collection":[{"href":"https:\/\/www.elsindical.com.ar\/notas\/wp-json\/wp\/v2\/posts"}],"about":[{"href":"https:\/\/www.elsindical.com.ar\/notas\/wp-json\/wp\/v2\/types\/post"}],"author":[{"embeddable":true,"href":"https:\/\/www.elsindical.com.ar\/notas\/wp-json\/wp\/v2\/users\/1"}],"replies":[{"embeddable":true,"href":"https:\/\/www.elsindical.com.ar\/notas\/wp-json\/wp\/v2\/comments?post=63336"}],"version-history":[{"count":1,"href":"https:\/\/www.elsindical.com.ar\/notas\/wp-json\/wp\/v2\/posts\/63336\/revisions"}],"predecessor-version":[{"id":63337,"href":"https:\/\/www.elsindical.com.ar\/notas\/wp-json\/wp\/v2\/posts\/63336\/revisions\/63337"}],"wp:attachment":[{"href":"https:\/\/www.elsindical.com.ar\/notas\/wp-json\/wp\/v2\/media?parent=63336"}],"wp:term":[{"taxonomy":"category","embeddable":true,"href":"https:\/\/www.elsindical.com.ar\/notas\/wp-json\/wp\/v2\/categories?post=63336"},{"taxonomy":"post_tag","embeddable":true,"href":"https:\/\/www.elsindical.com.ar\/notas\/wp-json\/wp\/v2\/tags?post=63336"}],"curies":[{"name":"wp","href":"https:\/\/api.w.org\/{rel}","templated":true}]}}