{"id":63311,"date":"2016-11-06T00:08:40","date_gmt":"2016-11-06T03:08:40","guid":{"rendered":"http:\/\/www.elsindical.com.ar\/notas\/?p=63311"},"modified":"2016-11-06T00:08:40","modified_gmt":"2016-11-06T03:08:40","slug":"efemerides-del-dia-6-de-noviembre-3","status":"publish","type":"post","link":"https:\/\/www.elsindical.com.ar\/notas\/efemerides-del-dia-6-de-noviembre-3\/","title":{"rendered":"EFEM\u00c9RIDES: DEL D\u00cdA 6 DE NOVIEMBRE"},"content":{"rendered":"<p>\u2013 D\u00eda Internacional para la Prevenci\u00f3n de la Explotaci\u00f3n del Medio Ambiente en la Guerra y los Conflictos Armados.<\/p>\n<p>\u2013 D\u00eda del Paludismo en las Am\u00e9ricas.<\/p>\n<p>D\u00eda de los Parques Nacionales (en Argentina).<\/p>\n<p>\u2013 D\u00eda del Bancario (en Argentina).<\/p>\n<p>1520 \u2013 La expedici\u00f3n mar\u00edtima de Fernando de Magallanes entra con sus naves en el estrecho que lleva su nombre.<\/p>\n<p>1557 \u2013 Batalla de Lagunillas (Chile), primera que las tropas del gobernador Hurtado de Mendoza libraron contra los araucanos del cacique Caupolic\u00e1n.<\/p>\n<p>1771 \u2013 Nace Aloys Senefelder, inventor de la litograf\u00eda.<\/p>\n<p>1813 \u2013 El Congreso de Chilpancingo declara formalmente la Independencia de M\u00e9xico.<\/p>\n<p>1851 \u2013 Nace Charles Henry Dow, editor de \u201cThe Wall Street Journal\u201d.<\/p>\n<p>1861 \u2013 Nace James A. Naismith, inventor del basketball.<\/p>\n<p>1869 \u2013 Se juega el 1er. partido intercolegial de football, en Estados Unidos (Rutgers 6, Princeton 4).<\/p>\n<p>1880 \u2013 Muere Estanislao del Campo, escritor argentino.<\/p>\n<p>1891 \u2013 Jorge Montt es elegido presidente de Chile.<\/p>\n<p>1892 \u2013 Muere la escritora, periodista y narradora argentina Juana Manuela Gorriti.<\/p>\n<p>1893 \u2013 Muere Peter Ilich Tchaikovsky, compositor ruso.<\/p>\n<p>1903 \u2013 El perito Francisco Moreno dona para la fundaci\u00f3n de Parques Nacionales tres de las leguas patag\u00f3nicas que le fueron adjudicadas por sus trabajos en la frontera con Chile.<\/p>\n<p>1911 \u2013 Francisco Madero asume la presidencia de M\u00e9xico.<\/p>\n<p>1916 \u2013 Nace Ray Conniff, m\u00fasico estadounidense.<\/p>\n<p>1917 \u2013 Revoluci\u00f3n Rusa: la lucha entre los insurrectos y las tropas gubernamentales se extiende a los puntos estrat\u00e9gicos de San Petersburgo.<\/p>\n<p>1946 \u2013 Nace Sally Field, actriz estadounidense.<\/p>\n<p>1947 \u2013 Un terremoto causa en Chile la muerte de 233 personas.<\/p>\n<p>1955 \u2013 Mohamed V vuelve al trono de Marruecos tras su exilio forzado por Francia.<\/p>\n<p>1956 \u2013 Se crea la Universidad del Norte Santo Tom\u00e1s de Aquino.<\/p>\n<p>1959 \u2013 Muere el poeta, narrador, ensayista y profesor Juan Carlos D\u00e1valos.<\/p>\n<p>1965 \u2013 Acuerdo entre Cuba y EEUU, por el que este pa\u00eds recibir\u00e1 mensualmente de 3.000 a 4.000 emigrantes cubanos.<\/p>\n<p>1970 \u2013 Muere Agust\u00edn Lara, compositor mexicano.<\/p>\n<p>1975 \u2013 Unos 350.000 marroqu\u00edes inician la \u201cmarcha verde\u201d hacia el S\u00e1hara Occidental para forzar la retirada de las tropas espa\u00f1olas.<\/p>\n<p>1984 \u2013 El Frente Sandinista de Liberaci\u00f3n Nacional gana las elecciones presidenciales en Nicaragua.<\/p>\n<p>1985 \u2013 El grupo guerrillero M-19 se apodera del Palacio de Justicia de Bogot\u00e1.<\/p>\n<p>1985 \u2013 Los ministros de Exteriores de 18 pa\u00edses europeos firman la carta \u201cEureka\u201d sobre tecnolog\u00eda punta en favor de la paz.<\/p>\n<p>1986 \u2013 Esc\u00e1ndalo Irangate: la Prensa estadounidense denuncia que el presidente Ronald Reagan autoriz\u00f3 el suministro de armas a Ir\u00e1n.<\/p>\n<p>1987 \u2013 El presidente del Gobierno espa\u00f1ol, Felipe Gonz\u00e1lez, inaugura en Guanajuato (M\u00e9xico) el Museo del Quijote.<\/p>\n<p>1988 \u2013 Un terremoto causa en Yunnam (sudoeste de China) 730 muertos, 4.014 heridos y cuantiosas p\u00e9rdidas materiales.<\/p>\n<p>1996 \u2013 El rey Juan Carlos de Espa\u00f1a recibe el premio de la Fundaci\u00f3n Jean Monet por su contribuci\u00f3n a la uni\u00f3n europea.<\/p>\n<p>1998 \u2013 El Gobierno espa\u00f1ol acuerda cursar a las autoridades brit\u00e1nicas la petici\u00f3n de extradici\u00f3n del ex dictador chileno Augusto Pinochet, a demanda del juez Baltasar Garz\u00f3n.<\/p>\n<p>2002 \u2013 Los almirantes venezolanos H\u00e9ctor Ram\u00edrez, Daniel Comisso y Jos\u00e9 Noriega, vinculados al golpe de Estado del 11 de abril contra el presidente Hugo Ch\u00e1vez, no reconocen la decisi\u00f3n de la Armada de darles de baja.<\/p>\n<p>2006 \u2013 Muere Miguel Aceves Mej\u00eda, actor y cantante mexicano.<\/p>\n<p>2013 \u2013 Muere Roberto Z\u00e1rate, futbolista argentino.<\/p>\n","protected":false},"excerpt":{"rendered":"<p>\u2013 D\u00eda Internacional para la Prevenci\u00f3n de la Explotaci\u00f3n del Medio Ambiente en la Guerra y los Conflictos Armados. \u2013 D\u00eda del Paludismo en las Am\u00e9ricas. D\u00eda de los Parques Nacionales (en Argentina). \u2013 D\u00eda del Bancario (en Argentina). 1520 \u2013 La expedici\u00f3n mar\u00edtima de Fernando de Magallanes entra con sus naves en el estrecho&hellip;<\/p>\n","protected":false},"author":1,"featured_media":0,"comment_status":"open","ping_status":"open","sticky":false,"template":"","format":"standard","meta":{"footnotes":""},"categories":[14],"tags":[],"class_list":["post-63311","post","type-post","status-publish","format-standard","hentry","category-efemerides"],"_links":{"self":[{"href":"https:\/\/www.elsindical.com.ar\/notas\/wp-json\/wp\/v2\/posts\/63311","targetHints":{"allow":["GET"]}}],"collection":[{"href":"https:\/\/www.elsindical.com.ar\/notas\/wp-json\/wp\/v2\/posts"}],"about":[{"href":"https:\/\/www.elsindical.com.ar\/notas\/wp-json\/wp\/v2\/types\/post"}],"author":[{"embeddable":true,"href":"https:\/\/www.elsindical.com.ar\/notas\/wp-json\/wp\/v2\/users\/1"}],"replies":[{"embeddable":true,"href":"https:\/\/www.elsindical.com.ar\/notas\/wp-json\/wp\/v2\/comments?post=63311"}],"version-history":[{"count":1,"href":"https:\/\/www.elsindical.com.ar\/notas\/wp-json\/wp\/v2\/posts\/63311\/revisions"}],"predecessor-version":[{"id":63312,"href":"https:\/\/www.elsindical.com.ar\/notas\/wp-json\/wp\/v2\/posts\/63311\/revisions\/63312"}],"wp:attachment":[{"href":"https:\/\/www.elsindical.com.ar\/notas\/wp-json\/wp\/v2\/media?parent=63311"}],"wp:term":[{"taxonomy":"category","embeddable":true,"href":"https:\/\/www.elsindical.com.ar\/notas\/wp-json\/wp\/v2\/categories?post=63311"},{"taxonomy":"post_tag","embeddable":true,"href":"https:\/\/www.elsindical.com.ar\/notas\/wp-json\/wp\/v2\/tags?post=63311"}],"curies":[{"name":"wp","href":"https:\/\/api.w.org\/{rel}","templated":true}]}}