{"id":63308,"date":"2016-11-05T21:23:22","date_gmt":"2016-11-06T00:23:22","guid":{"rendered":"http:\/\/www.elsindical.com.ar\/notas\/?p=63308"},"modified":"2016-11-05T21:23:22","modified_gmt":"2016-11-06T00:23:22","slug":"en-8-meses-cerraron-6-300-comercios-en-todo-el-pais","status":"publish","type":"post","link":"https:\/\/www.elsindical.com.ar\/notas\/en-8-meses-cerraron-6-300-comercios-en-todo-el-pais\/","title":{"rendered":"En 8 meses cerraron 6.300 comercios en todo el pa\u00eds"},"content":{"rendered":"<p><em><a href=\"http:\/\/www.elsindical.com.ar\/notas\/var\/www\/html\/notas\/wp-content\/uploads\/2016\/11\/comercios.jpg\"><img loading=\"lazy\" decoding=\"async\" class=\"alignnone size-medium wp-image-63309\" src=\"http:\/\/www.elsindical.com.ar\/notas\/var\/www\/html\/notas\/wp-content\/uploads\/2016\/11\/comercios-300x200.jpg\" alt=\"comercios\" width=\"300\" height=\"200\" srcset=\"https:\/\/www.elsindical.com.ar\/notas\/var\/www\/html\/notas\/wp-content\/uploads\/2016\/11\/comercios-300x200.jpg 300w, https:\/\/www.elsindical.com.ar\/notas\/var\/www\/html\/notas\/wp-content\/uploads\/2016\/11\/comercios-450x300.jpg 450w, https:\/\/www.elsindical.com.ar\/notas\/var\/www\/html\/notas\/wp-content\/uploads\/2016\/11\/comercios.jpg 620w\" sizes=\"auto, (max-width: 300px) 100vw, 300px\" \/><\/a>\u00a0 Por ese motivo, la Confederaci\u00f3n Argentina de la Mediana Empresa (CAME) pide la rebaja del 3% al 1,5% de los aranceles que cobran las tarjetas de cr\u00e9ditos.<\/em><\/p>\n<p>Unos 6.300 comercios debieron cerrar sus puertas en el per\u00edodo comprendido entre enero y agosto, y las ventas cayeron 35 mil millones de pesos por la recesi\u00f3n, afirm\u00f3 hoy el presidente de la Confederaci\u00f3n Argentina de la Mediana Empresa (CAME), Osvaldo Cornide.<\/p>\n<p>\u00abEn ocho meses cerraron 6.300 comercios y cayeron 35 mil millones de pesos las ventas por la recesi\u00f3n. Por ese motivo se necesita la rebaja de los aranceles que cobran las tarjetas de cr\u00e9ditos\u00bb, argument\u00f3 el dirigente.<\/p>\n<p>Al realizar un an\u00e1lisis sobre la actualidad del sector, alert\u00f3 sobre la ca\u00edda del consumo y estim\u00f3 que \u00abhay un porcentaje importante de baja, que en todos los rubros ronda en el 6% de ca\u00edda de producci\u00f3n\u00bb.<\/p>\n<p>Cornide reclam\u00f3 que se trate el proyecto para rebajar aranceles cobrados por las tarjetas de cr\u00e9dito en la C\u00e1mara de Diputados.<\/p>\n<p>\u00abElaboramos un proyecto y el Senado lo aprob\u00f3 por unanimidad. Hace 90 d\u00edas que la iniciativa est\u00e1 en la C\u00e1mara de Diputados. Estamos a veinte d\u00edas de que terminen las sesiones ordinarias\u00bb, critic\u00f3 y subray\u00f3: \u00abEstamos indignados\u00bb.<\/p>\n<p>El proyecto de reforma de ley fue aprobado en septiembre por unanimidad con 58 votos para reducir el monto que cobran las operadoras a los comercios, en medio de una fuerte discusi\u00f3n entre el oficialismo y los opositores.<\/p>\n<p>La propuesta es reducir del 3 al 1,5 por ciento las comisiones por compras con tarjetas de cr\u00e9dito y eliminar totalmente las correspondientes a las tarjetas de d\u00e9bito, que actualmente est\u00e1n fijadas en el 1,5 por ciento.<\/p>\n<p>La C\u00e1mara Argentina de Comercio y Servicios (CAC) tambi\u00e9n exige su aprobaci\u00f3n, mientras se reuni\u00f3 con diferentes funcionarios con el motivo de expresar la preocupaci\u00f3n que tiene el sector respecto de la cuesti\u00f3n.<\/p>\n<p>Por su parte, el presidente de la Asociaci\u00f3n de Bancos de la Argentina (ABA), Claudio Cesario, rechaz\u00f3 la iniciativa, al considerar que el consumo no aumentar\u00e1 \u00abbajando la rentabilidad de otros sectores\u00bb.<\/p>\n","protected":false},"excerpt":{"rendered":"<p>\u00a0 Por ese motivo, la Confederaci\u00f3n Argentina de la Mediana Empresa (CAME) pide la rebaja del 3% al 1,5% de los aranceles que cobran las tarjetas de cr\u00e9ditos. Unos 6.300 comercios debieron cerrar sus puertas en el per\u00edodo comprendido entre enero y agosto, y las ventas cayeron 35 mil millones de pesos por la recesi\u00f3n,&hellip;<\/p>\n","protected":false},"author":1,"featured_media":0,"comment_status":"open","ping_status":"open","sticky":false,"template":"","format":"standard","meta":{"footnotes":""},"categories":[9],"tags":[3925,16495,7187,1706,826],"class_list":["post-63308","post","type-post","status-publish","format-standard","hentry","category-economia","tag-aba","tag-cac","tag-came","tag-consumo","tag-negocios"],"_links":{"self":[{"href":"https:\/\/www.elsindical.com.ar\/notas\/wp-json\/wp\/v2\/posts\/63308","targetHints":{"allow":["GET"]}}],"collection":[{"href":"https:\/\/www.elsindical.com.ar\/notas\/wp-json\/wp\/v2\/posts"}],"about":[{"href":"https:\/\/www.elsindical.com.ar\/notas\/wp-json\/wp\/v2\/types\/post"}],"author":[{"embeddable":true,"href":"https:\/\/www.elsindical.com.ar\/notas\/wp-json\/wp\/v2\/users\/1"}],"replies":[{"embeddable":true,"href":"https:\/\/www.elsindical.com.ar\/notas\/wp-json\/wp\/v2\/comments?post=63308"}],"version-history":[{"count":1,"href":"https:\/\/www.elsindical.com.ar\/notas\/wp-json\/wp\/v2\/posts\/63308\/revisions"}],"predecessor-version":[{"id":63310,"href":"https:\/\/www.elsindical.com.ar\/notas\/wp-json\/wp\/v2\/posts\/63308\/revisions\/63310"}],"wp:attachment":[{"href":"https:\/\/www.elsindical.com.ar\/notas\/wp-json\/wp\/v2\/media?parent=63308"}],"wp:term":[{"taxonomy":"category","embeddable":true,"href":"https:\/\/www.elsindical.com.ar\/notas\/wp-json\/wp\/v2\/categories?post=63308"},{"taxonomy":"post_tag","embeddable":true,"href":"https:\/\/www.elsindical.com.ar\/notas\/wp-json\/wp\/v2\/tags?post=63308"}],"curies":[{"name":"wp","href":"https:\/\/api.w.org\/{rel}","templated":true}]}}