{"id":63296,"date":"2016-11-05T20:04:06","date_gmt":"2016-11-05T23:04:06","guid":{"rendered":"http:\/\/www.elsindical.com.ar\/notas\/?p=63296"},"modified":"2016-11-05T20:04:06","modified_gmt":"2016-11-05T23:04:06","slug":"fallo-a-favor-del-stmee-contra-el-municipio-de-echeverria","status":"publish","type":"post","link":"https:\/\/www.elsindical.com.ar\/notas\/fallo-a-favor-del-stmee-contra-el-municipio-de-echeverria\/","title":{"rendered":"Fallo a favor del STMEE contra el Municipio de Echeverr\u00eda"},"content":{"rendered":"<p><em><a href=\"http:\/\/www.elsindical.com.ar\/notas\/var\/www\/html\/notas\/wp-content\/uploads\/2016\/11\/Sec-Gral-STMEE.jpg\"><img loading=\"lazy\" decoding=\"async\" class=\"alignnone size-medium wp-image-63297\" src=\"http:\/\/www.elsindical.com.ar\/notas\/var\/www\/html\/notas\/wp-content\/uploads\/2016\/11\/Sec-Gral-STMEE-300x295.jpg\" alt=\"sec-gral-stmee\" width=\"300\" height=\"295\" srcset=\"https:\/\/www.elsindical.com.ar\/notas\/var\/www\/html\/notas\/wp-content\/uploads\/2016\/11\/Sec-Gral-STMEE-300x295.jpg 300w, https:\/\/www.elsindical.com.ar\/notas\/var\/www\/html\/notas\/wp-content\/uploads\/2016\/11\/Sec-Gral-STMEE-305x300.jpg 305w, https:\/\/www.elsindical.com.ar\/notas\/var\/www\/html\/notas\/wp-content\/uploads\/2016\/11\/Sec-Gral-STMEE.jpg 443w\" sizes=\"auto, (max-width: 300px) 100vw, 300px\" \/><\/a>\u00a0 El Tribunal de Trabajo N\u00ba4 de Lomas de Zamora hizo lugar a una cautelar presentada por el gremio de municipales para que el Gobierno comunal restituya c\u00f3digos de descuentos, seguros por sepelios y cuotas por servicios a los afiliados.<\/em><\/p>\n<p>El secretario general del Sindicato de Trabajadores Municipales de Esteban Echeverr\u00eda (STMEE), Adri\u00e1n Gouin, se\u00f1al\u00f3 que el intendente, Fernando Gray, hace seis meses \u201cle hab\u00eda quitado al gremio el c\u00f3digo por la cuota sindical, el seguro de sepelios y todos los servicios que le brinda a los compa\u00f1eros\u201d.<\/p>\n<p>\u201cHicimos una presentaci\u00f3n de una carta documento y presentamos un recurso de amparo en agosto\u201d, se\u00f1al\u00f3 Gouin en di\u00e1logo con Info Regi\u00f3n.<\/p>\n<p>\u201cLa semana pasada sali\u00f3 el fallo a nuestro favor y ahora nos tiene que devolver los c\u00f3digos de descuento. Adem\u00e1s, como hay da\u00f1os y perjuicios, el juicio contin\u00faa y la Municipalidad despu\u00e9s va a tener que pagar los costos del fallo judicial\u201d, advirti\u00f3 el titular del STMEE.<\/p>\n<p>Por otro lado, Gouin cuestion\u00f3 el decreto firmado por Gray para mover el feriado por el D\u00eda del Trabajador Municipal del 8 al 7 de noviembre.<\/p>\n<p>\u201cNosotros pedimos tener el feriado el lunes, pero en el decreto nombra a un solo sindicato, al que \u00e9l ha creado, y no nos nombra a nosotros\u201d, indico y asever\u00f3: \u201cLo hace a prop\u00f3sito, porque ahora queda como que el otro gremio obtuvo ese logro y no nosotros\u201d.<\/p>\n","protected":false},"excerpt":{"rendered":"<p>\u00a0 El Tribunal de Trabajo N\u00ba4 de Lomas de Zamora hizo lugar a una cautelar presentada por el gremio de municipales para que el Gobierno comunal restituya c\u00f3digos de descuentos, seguros por sepelios y cuotas por servicios a los afiliados. El secretario general del Sindicato de Trabajadores Municipales de Esteban Echeverr\u00eda (STMEE), Adri\u00e1n Gouin, se\u00f1al\u00f3&hellip;<\/p>\n","protected":false},"author":1,"featured_media":0,"comment_status":"open","ping_status":"open","sticky":false,"template":"","format":"standard","meta":{"footnotes":""},"categories":[16],"tags":[24737,744,22332,24738],"class_list":["post-63296","post","type-post","status-publish","format-standard","hentry","category-gremiales","tag-adrian-gouin","tag-lomas-de-zamora","tag-stmee","tag-tribunal-de-trabajo-4"],"_links":{"self":[{"href":"https:\/\/www.elsindical.com.ar\/notas\/wp-json\/wp\/v2\/posts\/63296","targetHints":{"allow":["GET"]}}],"collection":[{"href":"https:\/\/www.elsindical.com.ar\/notas\/wp-json\/wp\/v2\/posts"}],"about":[{"href":"https:\/\/www.elsindical.com.ar\/notas\/wp-json\/wp\/v2\/types\/post"}],"author":[{"embeddable":true,"href":"https:\/\/www.elsindical.com.ar\/notas\/wp-json\/wp\/v2\/users\/1"}],"replies":[{"embeddable":true,"href":"https:\/\/www.elsindical.com.ar\/notas\/wp-json\/wp\/v2\/comments?post=63296"}],"version-history":[{"count":1,"href":"https:\/\/www.elsindical.com.ar\/notas\/wp-json\/wp\/v2\/posts\/63296\/revisions"}],"predecessor-version":[{"id":63298,"href":"https:\/\/www.elsindical.com.ar\/notas\/wp-json\/wp\/v2\/posts\/63296\/revisions\/63298"}],"wp:attachment":[{"href":"https:\/\/www.elsindical.com.ar\/notas\/wp-json\/wp\/v2\/media?parent=63296"}],"wp:term":[{"taxonomy":"category","embeddable":true,"href":"https:\/\/www.elsindical.com.ar\/notas\/wp-json\/wp\/v2\/categories?post=63296"},{"taxonomy":"post_tag","embeddable":true,"href":"https:\/\/www.elsindical.com.ar\/notas\/wp-json\/wp\/v2\/tags?post=63296"}],"curies":[{"name":"wp","href":"https:\/\/api.w.org\/{rel}","templated":true}]}}