{"id":63206,"date":"2016-11-01T00:53:43","date_gmt":"2016-11-01T03:53:43","guid":{"rendered":"http:\/\/www.elsindical.com.ar\/notas\/?p=63206"},"modified":"2016-11-01T00:57:41","modified_gmt":"2016-11-01T03:57:41","slug":"sin-tu-mitad-por-soledad-pastina","status":"publish","type":"post","link":"https:\/\/www.elsindical.com.ar\/notas\/sin-tu-mitad-por-soledad-pastina\/","title":{"rendered":"Sin tu mitad &#8211; Por Soledad Plastina"},"content":{"rendered":"<p><a href=\"http:\/\/www.elsindical.com.ar\/notas\/var\/www\/html\/notas\/wp-content\/uploads\/2016\/11\/Sin-tu-mitad-Soledad-Plastina.jpg\"><img loading=\"lazy\" decoding=\"async\" class=\"alignnone size-medium wp-image-63207\" src=\"http:\/\/www.elsindical.com.ar\/notas\/var\/www\/html\/notas\/wp-content\/uploads\/2016\/11\/Sin-tu-mitad-Soledad-Plastina-300x197.jpg\" alt=\"sin-tu-mitad-soledad-plastina\" width=\"300\" height=\"197\" srcset=\"https:\/\/www.elsindical.com.ar\/notas\/var\/www\/html\/notas\/wp-content\/uploads\/2016\/11\/Sin-tu-mitad-Soledad-Plastina-300x197.jpg 300w, https:\/\/www.elsindical.com.ar\/notas\/var\/www\/html\/notas\/wp-content\/uploads\/2016\/11\/Sin-tu-mitad-Soledad-Plastina-456x300.jpg 456w, https:\/\/www.elsindical.com.ar\/notas\/var\/www\/html\/notas\/wp-content\/uploads\/2016\/11\/Sin-tu-mitad-Soledad-Plastina.jpg 738w\" sizes=\"auto, (max-width: 300px) 100vw, 300px\" \/><\/a>Compartimos con nuestros lectores el tango \u00abSin tu mitad\u00bb en la voz de la joven Soledad Plastina:<\/p>\n<p><strong>No supe hasta el momento de vivir con un costado\u2026<\/strong><br \/>\n<strong> \u00a1t\u00e1n s\u00f3lo con el lado que tendr\u00e9 para seguir!<\/strong><br \/>\n<strong> Que fuiste como el modo de resumir mi todo,<\/strong><br \/>\n<strong> \u00a1tu adi\u00f3s es la tristeza que no puedo dividir\u2026!<\/strong><br \/>\n<strong> Despu\u00e9s de la simbiosis que lograron nuestras almas,<\/strong><br \/>\n<strong> y aquella rara alquimia que tambi\u00e9n se dio en la piel,<\/strong><br \/>\n<strong> me duele este momento como un desgarramiento,<\/strong><br \/>\n<strong> \u00a1y hay algo m\u00edo adentro que se fue!<\/strong><\/p>\n<p><strong>Amor no estoy despierto,<\/strong><br \/>\n<strong> decime que no es cierto\u2026<\/strong><br \/>\n<strong> \u00a1Quisiera estar so\u00f1ando con otra realidad!<\/strong><br \/>\n<strong> \u00a1En este desconcierto<\/strong><br \/>\n<strong> mi cielo se ha cubierto<\/strong><br \/>\n<strong> y s\u00e9 que se me ha muerto la mitad!<\/strong><br \/>\n<strong> \u00a1Me falta justo el lado,<\/strong><br \/>\n<strong> tu parte y el costado<\/strong><br \/>\n<strong> que nunca nadie m\u00e1s podr\u00e1 llenar!<\/strong><\/p>\n<p><strong>C\u00f3mo ocupar con nada ese hueco de tu almohada\u2026<\/strong><br \/>\n<strong> \u00a1qui\u00e9n puede ya sentarse en el que fuera tu lugar!<\/strong><br \/>\n<strong> \u00a1El drama y la comedia voy a vivir a medias,<\/strong><br \/>\n<strong> tendr\u00e9 que transcurrir sin tu mitad!<\/strong><\/p>\n<p>&nbsp;<\/p>\n<p>M\u00fasica: Sa\u00fal Cosentino<\/p>\n<p>Letra: Eladia Bl\u00e1zquez<\/p>\n<p><iframe loading=\"lazy\" src=\"https:\/\/www.youtube.com\/embed\/kLiQU2v-f-4\" width=\"580\" height=\"420\" frameborder=\"0\" allowfullscreen=\"allowfullscreen\"><\/iframe><\/p>\n","protected":false},"excerpt":{"rendered":"<p>Compartimos con nuestros lectores el tango \u00abSin tu mitad\u00bb en la voz de la joven Soledad Plastina: No supe hasta el momento de vivir con un costado\u2026 \u00a1t\u00e1n s\u00f3lo con el lado que tendr\u00e9 para seguir! Que fuiste como el modo de resumir mi todo, \u00a1tu adi\u00f3s es la tristeza que no puedo dividir\u2026! Despu\u00e9s&hellip;<\/p>\n","protected":false},"author":1,"featured_media":0,"comment_status":"open","ping_status":"open","sticky":false,"template":"","format":"standard","meta":{"footnotes":""},"categories":[15],"tags":[24709,24710,17521],"class_list":["post-63206","post","type-post","status-publish","format-standard","hentry","category-espectaculos","tag-sin-tu-mitad","tag-soledad-pastina","tag-tango"],"_links":{"self":[{"href":"https:\/\/www.elsindical.com.ar\/notas\/wp-json\/wp\/v2\/posts\/63206","targetHints":{"allow":["GET"]}}],"collection":[{"href":"https:\/\/www.elsindical.com.ar\/notas\/wp-json\/wp\/v2\/posts"}],"about":[{"href":"https:\/\/www.elsindical.com.ar\/notas\/wp-json\/wp\/v2\/types\/post"}],"author":[{"embeddable":true,"href":"https:\/\/www.elsindical.com.ar\/notas\/wp-json\/wp\/v2\/users\/1"}],"replies":[{"embeddable":true,"href":"https:\/\/www.elsindical.com.ar\/notas\/wp-json\/wp\/v2\/comments?post=63206"}],"version-history":[{"count":2,"href":"https:\/\/www.elsindical.com.ar\/notas\/wp-json\/wp\/v2\/posts\/63206\/revisions"}],"predecessor-version":[{"id":63209,"href":"https:\/\/www.elsindical.com.ar\/notas\/wp-json\/wp\/v2\/posts\/63206\/revisions\/63209"}],"wp:attachment":[{"href":"https:\/\/www.elsindical.com.ar\/notas\/wp-json\/wp\/v2\/media?parent=63206"}],"wp:term":[{"taxonomy":"category","embeddable":true,"href":"https:\/\/www.elsindical.com.ar\/notas\/wp-json\/wp\/v2\/categories?post=63206"},{"taxonomy":"post_tag","embeddable":true,"href":"https:\/\/www.elsindical.com.ar\/notas\/wp-json\/wp\/v2\/tags?post=63206"}],"curies":[{"name":"wp","href":"https:\/\/api.w.org\/{rel}","templated":true}]}}