{"id":63196,"date":"2016-10-31T23:37:12","date_gmt":"2016-11-01T02:37:12","guid":{"rendered":"http:\/\/www.elsindical.com.ar\/notas\/?p=63196"},"modified":"2016-10-31T23:37:12","modified_gmt":"2016-11-01T02:37:12","slug":"te-puede-gustar-cristina-o-no","status":"publish","type":"post","link":"https:\/\/www.elsindical.com.ar\/notas\/te-puede-gustar-cristina-o-no\/","title":{"rendered":"Te puede gustar Cristina o no"},"content":{"rendered":"<p><a href=\"http:\/\/www.elsindical.com.ar\/notas\/var\/www\/html\/notas\/wp-content\/uploads\/2016\/10\/Cristina-31-de-octubre-2016-Comodoro-Py.jpg\"><img loading=\"lazy\" decoding=\"async\" class=\"alignnone size-medium wp-image-63197\" src=\"http:\/\/www.elsindical.com.ar\/notas\/var\/www\/html\/notas\/wp-content\/uploads\/2016\/10\/Cristina-31-de-octubre-2016-Comodoro-Py-300x169.jpg\" alt=\"cristina-31-de-octubre-2016-comodoro-py\" width=\"300\" height=\"169\" srcset=\"https:\/\/www.elsindical.com.ar\/notas\/var\/www\/html\/notas\/wp-content\/uploads\/2016\/10\/Cristina-31-de-octubre-2016-Comodoro-Py-300x169.jpg 300w, https:\/\/www.elsindical.com.ar\/notas\/var\/www\/html\/notas\/wp-content\/uploads\/2016\/10\/Cristina-31-de-octubre-2016-Comodoro-Py-500x281.jpg 500w, https:\/\/www.elsindical.com.ar\/notas\/var\/www\/html\/notas\/wp-content\/uploads\/2016\/10\/Cristina-31-de-octubre-2016-Comodoro-Py.jpg 620w\" sizes=\"auto, (max-width: 300px) 100vw, 300px\" \/><\/a>\u00a0 Te puede gustar Cristina o no, comparto que hay que investigar y procesar a los que han cometido delitos, que la corrupci\u00f3n no puede quedar impune, pero viendo la realidad, de un gobierno que repite lo que critica, que encubre a funcionarios que se enriquecen, que el presidente demuestra no tener el car\u00e1cter para afrontar situaciones o dirigirse al pueblo, desde lo netamente pol\u00edtico, Cristina es muy superior a Mauricio Macri. Hoy volvi\u00f3 a demostrarlo en Comodoro Py, dir\u00e1n que son rentados, pero a\u00fan siendo as\u00ed, son m\u00e1s cre\u00edbles que los que ha contratado el entorno de Macri, donde en m\u00e1s de un acto tuvieron que huir con m\u00e1s mentiras, de agresiones.<\/p>\n<p>Personalmente creo que el macrismo no tiene conducci\u00f3n propia, que los empresarios poderosos dictan las pol\u00edticas econ\u00f3micas y de inversi\u00f3n y que siempre ha sido as\u00ed, la diferencia es negociar con ellos o ser un empleado de estos.<\/p>\n<p>No he sido ni soy kirchnerista, he criticado y denunciado muchos de los actos del gobierno anterior, pero nunca he visto tanto miseria en las calles como ahora, quien niegue eso es un hip\u00f3crita.<\/p>\n<p>Prometieron y no cumplieron nada, vuelven a aumentar los combustibles cuando aseguraron que hasta el pr\u00f3ximo a\u00f1o no iba a registrarse nuevos aumentos, con las tarifas mintieron y se vienen nuevos aumentos que superar\u00e1n el 400% de tope, contin\u00faan los despidos y todo es un achique detr\u00e1s de otro, se amenaza la permanencia del fuero laboral, se limitar\u00e1n los juicios a las ART, se minti\u00f3 con el pago a los jubilados, dejar\u00e1n de asistir a los deportistas ol\u00edmpicos\u00a0con la excusa de que llegaran\u00a0sponsors, invitan a los cient\u00edficos a buscar futuro en otros pa\u00edses ya que se reducir\u00e1 el presupuesto para la ciencia y la investigaci\u00f3n, se otorgan millones\u00a0en publicidad a sitios que no existen o no tienen visitas, muchos de los cuales no re\u00fanen los requisitos para ser proveedores del Estado y as\u00ed podr\u00eda seguir enunciando mentiras, todo es una provocaci\u00f3n a los ciudadanos de clase media baja que ya van camino a la clase pobre, a pesar de esto y m\u00e1s, algunos idiotas que no llegan a fin de mes creen que esto pasar\u00e1 y que estamos dentro de todo bien, un ejemplo de como un pa\u00eds sin educaci\u00f3n es muy simple de arriar y de confundir.<\/p>\n<p>&nbsp;<\/p>\n<p><strong>Por Marcelo Ricardo Hawrylciw<\/strong><\/p>\n","protected":false},"excerpt":{"rendered":"<p>\u00a0 Te puede gustar Cristina o no, comparto que hay que investigar y procesar a los que han cometido delitos, que la corrupci\u00f3n no puede quedar impune, pero viendo la realidad, de un gobierno que repite lo que critica, que encubre a funcionarios que se enriquecen, que el presidente demuestra no tener el car\u00e1cter para&hellip;<\/p>\n","protected":false},"author":1,"featured_media":0,"comment_status":"open","ping_status":"open","sticky":false,"template":"","format":"standard","meta":{"footnotes":""},"categories":[10],"tags":[752,849,679,76,1819,22025,328],"class_list":["post-63196","post","type-post","status-publish","format-standard","hentry","category-editorial","tag-cristina","tag-estado","tag-kirchnerismo","tag-mauricio-macri","tag-mentiras","tag-politica","tag-pro"],"_links":{"self":[{"href":"https:\/\/www.elsindical.com.ar\/notas\/wp-json\/wp\/v2\/posts\/63196","targetHints":{"allow":["GET"]}}],"collection":[{"href":"https:\/\/www.elsindical.com.ar\/notas\/wp-json\/wp\/v2\/posts"}],"about":[{"href":"https:\/\/www.elsindical.com.ar\/notas\/wp-json\/wp\/v2\/types\/post"}],"author":[{"embeddable":true,"href":"https:\/\/www.elsindical.com.ar\/notas\/wp-json\/wp\/v2\/users\/1"}],"replies":[{"embeddable":true,"href":"https:\/\/www.elsindical.com.ar\/notas\/wp-json\/wp\/v2\/comments?post=63196"}],"version-history":[{"count":1,"href":"https:\/\/www.elsindical.com.ar\/notas\/wp-json\/wp\/v2\/posts\/63196\/revisions"}],"predecessor-version":[{"id":63198,"href":"https:\/\/www.elsindical.com.ar\/notas\/wp-json\/wp\/v2\/posts\/63196\/revisions\/63198"}],"wp:attachment":[{"href":"https:\/\/www.elsindical.com.ar\/notas\/wp-json\/wp\/v2\/media?parent=63196"}],"wp:term":[{"taxonomy":"category","embeddable":true,"href":"https:\/\/www.elsindical.com.ar\/notas\/wp-json\/wp\/v2\/categories?post=63196"},{"taxonomy":"post_tag","embeddable":true,"href":"https:\/\/www.elsindical.com.ar\/notas\/wp-json\/wp\/v2\/tags?post=63196"}],"curies":[{"name":"wp","href":"https:\/\/api.w.org\/{rel}","templated":true}]}}