{"id":63159,"date":"2016-10-29T23:25:59","date_gmt":"2016-10-30T02:25:59","guid":{"rendered":"http:\/\/www.elsindical.com.ar\/notas\/?p=63159"},"modified":"2016-10-29T23:25:59","modified_gmt":"2016-10-30T02:25:59","slug":"detienen-al-concejal-daniel-lewicki-por-circular-borracho-y-resistirse-al-procedimiento-policial","status":"publish","type":"post","link":"https:\/\/www.elsindical.com.ar\/notas\/detienen-al-concejal-daniel-lewicki-por-circular-borracho-y-resistirse-al-procedimiento-policial\/","title":{"rendered":"Detienen al Concejal Daniel Lewicki por circular borracho y resistirse al procedimiento policial"},"content":{"rendered":"<p><em>\u00a0 <a href=\"http:\/\/www.elsindical.com.ar\/notas\/var\/www\/html\/notas\/wp-content\/uploads\/2016\/10\/detenci\u00f3n-de-Daniel-Lewicki.jpg\"><img loading=\"lazy\" decoding=\"async\" class=\"alignnone size-medium wp-image-63161\" src=\"http:\/\/www.elsindical.com.ar\/notas\/var\/www\/html\/notas\/wp-content\/uploads\/2016\/10\/detenci\u00f3n-de-Daniel-Lewicki-300x219.jpg\" alt=\"detencion-de-daniel-lewicki\" width=\"300\" height=\"219\" srcset=\"https:\/\/www.elsindical.com.ar\/notas\/var\/www\/html\/notas\/wp-content\/uploads\/2016\/10\/detenci\u00f3n-de-Daniel-Lewicki-300x219.jpg 300w, https:\/\/www.elsindical.com.ar\/notas\/var\/www\/html\/notas\/wp-content\/uploads\/2016\/10\/detenci\u00f3n-de-Daniel-Lewicki-411x300.jpg 411w, https:\/\/www.elsindical.com.ar\/notas\/var\/www\/html\/notas\/wp-content\/uploads\/2016\/10\/detenci\u00f3n-de-Daniel-Lewicki.jpg 620w\" sizes=\"auto, (max-width: 300px) 100vw, 300px\" \/><\/a>El concejal del bloque PRO de Avellaneda, Daniel Lewicki, quien adem\u00e1s es el delegado del Ministerio de Trabajo de la provincia de Buenos Aires, fue detenido al resistirse a ser identificado por efectivos de la Polic\u00eda Federal Argentina en el barrio porte\u00f1o de Constituci\u00f3n.<\/em><\/p>\n<p>Se desconoce los motivos por los cuales el concejal circulaba con un auto de alta gama en estado de ebriedad, poniendo en riesgo a terceros y su propia integridad f\u00edsica, quienes participaron del procedimiento policial cuentan que no pod\u00eda articular palabras y frases coherentes, solo se limitaba a intentar intimidar a los polic\u00edas que cumpl\u00edan correctamente sus funciones, el \u00abchapeo\u00bb no resulto y entonces comenz\u00f3 a amenazar con sus influencias y a insultarlos.<\/p>\n<p>Hay que aclarar que adem\u00e1s de los cargos pol\u00edticos Lewicki es secretario general del Sindicato de guincheros, lo que hace m\u00e1s repudiable su conducta de insultar a los polic\u00edas por su condici\u00f3n de trabajadores.<\/p>\n<p>Los medios de prensa, los ciudadanos esperamos ahora de la gobernadora Mar\u00eda Eugenia Vidal una sanci\u00f3n ejemplar para este funcionario que se pas\u00f3 al PRO seducido por la diputada Gladys Gonz\u00e1lez que deber\u00e1 tambi\u00e9n explicar si se pedir\u00e1 la renuncia a la banca de quien ostenta p\u00fablicamente esta conducta.<\/p>\n<p>Hace solo un par de d\u00edas en el programa Entre Todos de Emilio Tuillier y Mat\u00edas Ascurra, hab\u00eda criticado la conducta de Lewicki por plotear una camioneta con su cara la que circula por Avellaneda haciendo propaganda.<\/p>\n<p><iframe loading=\"lazy\" src=\"https:\/\/www.youtube.com\/embed\/ZWhbuakMD0o\" width=\"580\" height=\"420\" frameborder=\"0\" allowfullscreen=\"allowfullscreen\"><\/iframe><\/p>\n<p><strong>Fuente: Foro Vecinal Avellaneda Segura<\/strong><\/p>\n","protected":false},"excerpt":{"rendered":"<p>\u00a0 El concejal del bloque PRO de Avellaneda, Daniel Lewicki, quien adem\u00e1s es el delegado del Ministerio de Trabajo de la provincia de Buenos Aires, fue detenido al resistirse a ser identificado por efectivos de la Polic\u00eda Federal Argentina en el barrio porte\u00f1o de Constituci\u00f3n. Se desconoce los motivos por los cuales el concejal circulaba&hellip;<\/p>\n","protected":false},"author":1,"featured_media":0,"comment_status":"open","ping_status":"open","sticky":false,"template":"","format":"standard","meta":{"footnotes":""},"categories":[1,22],"tags":[461,20450,7454,16587,7265,257,502,328],"class_list":["post-63159","post","type-post","status-publish","format-standard","hentry","category-destacadas","category-policiales","tag-avellaneda","tag-daniel-lewicki","tag-ebrio","tag-hcd","tag-maria-eugenia-vidal","tag-ministerio-de-trabajo","tag-policia-federal-argentina","tag-pro"],"_links":{"self":[{"href":"https:\/\/www.elsindical.com.ar\/notas\/wp-json\/wp\/v2\/posts\/63159","targetHints":{"allow":["GET"]}}],"collection":[{"href":"https:\/\/www.elsindical.com.ar\/notas\/wp-json\/wp\/v2\/posts"}],"about":[{"href":"https:\/\/www.elsindical.com.ar\/notas\/wp-json\/wp\/v2\/types\/post"}],"author":[{"embeddable":true,"href":"https:\/\/www.elsindical.com.ar\/notas\/wp-json\/wp\/v2\/users\/1"}],"replies":[{"embeddable":true,"href":"https:\/\/www.elsindical.com.ar\/notas\/wp-json\/wp\/v2\/comments?post=63159"}],"version-history":[{"count":2,"href":"https:\/\/www.elsindical.com.ar\/notas\/wp-json\/wp\/v2\/posts\/63159\/revisions"}],"predecessor-version":[{"id":63162,"href":"https:\/\/www.elsindical.com.ar\/notas\/wp-json\/wp\/v2\/posts\/63159\/revisions\/63162"}],"wp:attachment":[{"href":"https:\/\/www.elsindical.com.ar\/notas\/wp-json\/wp\/v2\/media?parent=63159"}],"wp:term":[{"taxonomy":"category","embeddable":true,"href":"https:\/\/www.elsindical.com.ar\/notas\/wp-json\/wp\/v2\/categories?post=63159"},{"taxonomy":"post_tag","embeddable":true,"href":"https:\/\/www.elsindical.com.ar\/notas\/wp-json\/wp\/v2\/tags?post=63159"}],"curies":[{"name":"wp","href":"https:\/\/api.w.org\/{rel}","templated":true}]}}