{"id":63104,"date":"2016-10-27T10:40:00","date_gmt":"2016-10-27T13:40:00","guid":{"rendered":"http:\/\/www.elsindical.com.ar\/notas\/?p=63104"},"modified":"2016-10-27T10:40:00","modified_gmt":"2016-10-27T13:40:00","slug":"las-medidas-economicas-del-gobierno-calculadas-en-jardines-de-infantes","status":"publish","type":"post","link":"https:\/\/www.elsindical.com.ar\/notas\/las-medidas-economicas-del-gobierno-calculadas-en-jardines-de-infantes\/","title":{"rendered":"Las medidas econ\u00f3micas del Gobierno, calculadas en jardines de infantes"},"content":{"rendered":"<p><em>\u00a0<a href=\"http:\/\/www.elsindical.com.ar\/notas\/var\/www\/html\/notas\/wp-content\/uploads\/2016\/10\/jard\u00ednes-de-infantes-Mauricio-Macri.jpg\"><img loading=\"lazy\" decoding=\"async\" class=\"alignnone size-medium wp-image-63105\" src=\"http:\/\/www.elsindical.com.ar\/notas\/var\/www\/html\/notas\/wp-content\/uploads\/2016\/10\/jard\u00ednes-de-infantes-Mauricio-Macri-300x125.jpg\" alt=\"jardines-de-infantes-mauricio-macri\" width=\"300\" height=\"125\" srcset=\"https:\/\/www.elsindical.com.ar\/notas\/var\/www\/html\/notas\/wp-content\/uploads\/2016\/10\/jard\u00ednes-de-infantes-Mauricio-Macri-300x125.jpg 300w, https:\/\/www.elsindical.com.ar\/notas\/var\/www\/html\/notas\/wp-content\/uploads\/2016\/10\/jard\u00ednes-de-infantes-Mauricio-Macri-500x209.jpg 500w, https:\/\/www.elsindical.com.ar\/notas\/var\/www\/html\/notas\/wp-content\/uploads\/2016\/10\/jard\u00ednes-de-infantes-Mauricio-Macri.jpg 620w\" sizes=\"auto, (max-width: 300px) 100vw, 300px\" \/><\/a> Tras comparaci\u00f3n que hizo el presidente Mauricio Macri del d\u00e9ficit semanal de Aerol\u00edneas Argentinas, El Pa\u00eds Digital propone un reval\u00fao de las principales medidas y gastos del Gobierno.<\/em><\/p>\n<p>El presidente Mauricio Macri sali\u00f3 hoy a \u201cmarcarle la cancha\u201d a la presidenta de Aerol\u00edneas Argentinas, Isela Costantini. Seg\u00fan el primer mandatario la aerol\u00ednea le \u00abcuesta a todos los argentinos\u00bb el equivalente a \u00abdos jardines de infantes por semana\u00bb. Una comparaci\u00f3n curiosa pero que resulta sumamente gr\u00e1fica y autoexplicativa.<\/p>\n<p>El d\u00e9ficit proyectado de Aerol\u00edneas Argentinas para 2016 es de US$340 millones, lo que equivale a casi $108 millones semanales. Por lo tanto, se puede establecer que en promedio cada jard\u00edn costar\u00eda alrededor de $54 millones, con estas cifras se puede fijar el \u201c\u00cdndice Jard\u00edn de Infantes\u201d que propone Mauricio Macri.<\/p>\n<p>El \u00cdndice aplicado a las medidas y gastos del Gobierno<\/p>\n<p>En febrero de este a\u00f1o, el presidente anunci\u00f3 en San Juan la eliminaci\u00f3n de las retenciones a la actividad minera. El Estado dej\u00f3 de percibir la tasa del 5% que representaban alrededor de US$200 millones, el equivalente actual a 56 jardines de infantes totalmente equipados.<\/p>\n<p>Hasta las elecciones generales de octubre de 2015, la alianza Cambiemos rindi\u00f3 gastos de campa\u00f1a por $138 millones, un 35% m\u00e1s que lo gastado por el Frente para la Victoria. Por lo tanto, con los gastos que llevaron a Macri al sill\u00f3n de Rivadavia se podr\u00edan haber construido dos jardines y medio.<\/p>\n<p>Sin embargo, la reducci\u00f3n m\u00e1s dr\u00e1stica de ingresos la represent\u00f3 la eliminaci\u00f3n de retenciones al agro y la baja de la soja en enero. El c\u00e1lculo aproximado estima que para todo 2016 las arcas p\u00fablicas dejar\u00e1n de percibir alrededor de $32.000 millones, lo que equivale a unos impresionantes 594 jardines de infantes.<\/p>\n<p>En la provincia de Buenos Aires, Mar\u00eda Eugenia Vidal intent\u00f3 frustradamente aumentar el impuesto por ingresos brutos a los bingos de 12% a 19% en el Presupuesto de 2017. Fueron 1.200 millones de pesos que las arcas de la provincia finalmente no recibir\u00e1n, en el \u00edndice dicha suma equivale a la construcci\u00f3n de 22 jardines de infantes.<\/p>\n<p>Si se toman en consideraci\u00f3n las medidas econ\u00f3micas m\u00e1s pol\u00e9micas, el Gobierno nacional gener\u00f3 una transferencia de ingresos por alrededor de $36.700 millones, donde los principales beneficiados fueron los grandes productores del agro, las mineras y los empresarios del juego. Para estos anuncios, por alguna raz\u00f3n, el Gobierno estim\u00f3 m\u00e1s prudente no utilizar el \u201c\u00edndice jard\u00edn de infantes\u201d ya que esa transferencia de ingresos equivale a la construcci\u00f3n de 679 jardines.<\/p>\n<p>&nbsp;<\/p>\n<p><strong>Fuente: El Pa\u00eds Digital<\/strong><\/p>\n","protected":false},"excerpt":{"rendered":"<p>\u00a0 Tras comparaci\u00f3n que hizo el presidente Mauricio Macri del d\u00e9ficit semanal de Aerol\u00edneas Argentinas, El Pa\u00eds Digital propone un reval\u00fao de las principales medidas y gastos del Gobierno. El presidente Mauricio Macri sali\u00f3 hoy a \u201cmarcarle la cancha\u201d a la presidenta de Aerol\u00edneas Argentinas, Isela Costantini. Seg\u00fan el primer mandatario la aerol\u00ednea le \u00abcuesta&hellip;<\/p>\n","protected":false},"author":1,"featured_media":0,"comment_status":"open","ping_status":"open","sticky":false,"template":"","format":"standard","meta":{"footnotes":""},"categories":[13],"tags":[12666,22169,24681,24683,17580,76,24056,671,24682],"class_list":["post-63104","post","type-post","status-publish","format-standard","hentry","category-politica","tag-alianza","tag-cambiemos","tag-eliminacion-de-retenciones","tag-gastos-de-campana","tag-jardines-de-infantes","tag-mauricio-macri","tag-mineras","tag-presupuesto","tag-soja"],"_links":{"self":[{"href":"https:\/\/www.elsindical.com.ar\/notas\/wp-json\/wp\/v2\/posts\/63104","targetHints":{"allow":["GET"]}}],"collection":[{"href":"https:\/\/www.elsindical.com.ar\/notas\/wp-json\/wp\/v2\/posts"}],"about":[{"href":"https:\/\/www.elsindical.com.ar\/notas\/wp-json\/wp\/v2\/types\/post"}],"author":[{"embeddable":true,"href":"https:\/\/www.elsindical.com.ar\/notas\/wp-json\/wp\/v2\/users\/1"}],"replies":[{"embeddable":true,"href":"https:\/\/www.elsindical.com.ar\/notas\/wp-json\/wp\/v2\/comments?post=63104"}],"version-history":[{"count":1,"href":"https:\/\/www.elsindical.com.ar\/notas\/wp-json\/wp\/v2\/posts\/63104\/revisions"}],"predecessor-version":[{"id":63106,"href":"https:\/\/www.elsindical.com.ar\/notas\/wp-json\/wp\/v2\/posts\/63104\/revisions\/63106"}],"wp:attachment":[{"href":"https:\/\/www.elsindical.com.ar\/notas\/wp-json\/wp\/v2\/media?parent=63104"}],"wp:term":[{"taxonomy":"category","embeddable":true,"href":"https:\/\/www.elsindical.com.ar\/notas\/wp-json\/wp\/v2\/categories?post=63104"},{"taxonomy":"post_tag","embeddable":true,"href":"https:\/\/www.elsindical.com.ar\/notas\/wp-json\/wp\/v2\/tags?post=63104"}],"curies":[{"name":"wp","href":"https:\/\/api.w.org\/{rel}","templated":true}]}}