{"id":63057,"date":"2016-10-27T01:55:39","date_gmt":"2016-10-27T04:55:39","guid":{"rendered":"http:\/\/www.elsindical.com.ar\/notas\/?p=63057"},"modified":"2016-10-27T01:55:39","modified_gmt":"2016-10-27T04:55:39","slug":"avellaneda-multiples-allanamientos-y-detenciones-en-villa-corina","status":"publish","type":"post","link":"https:\/\/www.elsindical.com.ar\/notas\/avellaneda-multiples-allanamientos-y-detenciones-en-villa-corina\/","title":{"rendered":"Avellaneda: M\u00faltiples allanamientos y detenciones en Villa Corina"},"content":{"rendered":"<p><a href=\"http:\/\/distritalavellaneda.com.ar\/wp-content\/uploads\/2016\/10\/allanamientos-en-Corina.jpg\"><img loading=\"lazy\" decoding=\"async\" class=\"alignnone size-medium wp-image-9930\" src=\"http:\/\/distritalavellaneda.com.ar\/wp-content\/uploads\/2016\/10\/allanamientos-en-Corina-300x169.jpg\" alt=\"allanamientos-en-corina\" width=\"300\" height=\"169\" \/><\/a> A ra\u00edz de publicaciones en redes sociales de sujetos que se enfrentaron en la localidad de Villa Corina, donde se observa a varios de estos esgrimir armas de fuego, personal policial de la Comisar\u00eda 7ma, inici\u00f3 actuaciones de oficio y la justicia dispuso librar varias ordenes de allanamiento, que contaron el la intervenci\u00f3n de personal de las comisar\u00edas de Avellaneda y Lan\u00fas, a cargo de la Jefatura Departamental Lan\u00fas, a cargo del Comisario Mayor Javier Carlos Villar.<\/p>\n<p>Hecho ocurrido el d\u00eda: Octubre 26 de 2016 22:45 hs.<\/p>\n<p>Toma de conocimiento del hecho: Octubre 26 de 2016 22:45 hs.<\/p>\n<p><u>JEFATURA DEPARTAMENTAL LAN\u00daS <\/u><\/p>\n<p>Dependencia: <strong>CRIA. AVELLANEDA S\u00c9PTIMA (Villa Corina)<\/strong><\/p>\n<p>LUGAR DEL HECHO: \u00c1MBITO JURISDICCIONAL DE AVELLANEDA y LAN\u00daS ESTE<\/p>\n<p>CALIFICACI\u00d3N LEGAL: <strong>TENENCIA ILEGAL DE ARMA DE USO CIVIL<\/strong> <strong>ABUSO DE ARMAS y LESIONES<\/strong><\/p>\n<p>Intervenci\u00f3n: UNIDAD FUNCIONAL DE INSTRUCCI\u00d3N y JUICIO n\u00ba <strong>02 Dr. MARIO PRIETO <\/strong>DEPARTAMENTO JUDICIAL DE LOMAS DE ZAMORA<\/p>\n<p><strong><u>DENUNCIANTE<\/u><\/strong><strong>: <\/strong><\/p>\n<p><strong>1- <\/strong><strong>PERSONAL POLICIAL COMISAR\u00cdA 7MA DE AVELLANEDA <\/strong><\/p>\n<p><strong><u> V\u00cdCTIMA: <\/u><\/strong><\/p>\n<p>1- <strong>MARISA GABRIELA C.<\/strong>, nacionalidad argentina, de Treinta y Cuatro (34) a\u00f1os de edad, instruida, estado Civil soltera, ocupaci\u00f3n Coop\u00e9rativista, domiciliada en Villa Dominico partido de Avellaneda.<\/p>\n<p><strong><u>APREHENDIDO<\/u><\/strong><strong><u>:<\/u><\/strong><\/p>\n<p><strong>1- <\/strong><strong>GONZ\u00c1LEZ LEONARDO JAVIER<\/strong>, nacionalidad Argentina, de 39 a\u00f1os de edad, instruido, estado Civil casado, ocupaci\u00f3n empleado Municipal, domiciliado en la calle Campichuelo n\u00famero 4696 de este medio, (ABUSO DE ARMA y LESIONES)<\/p>\n<p><strong>2- <\/strong><strong>MONTES CLAUDIO ALEJANDRO alias CLAUDITO<\/strong>, nacionalidad Argentina, de 29 a\u00f1os de edad, instruido, soltero, desocupado, domiciliado en la calle Campichuelo n\u00famero 4249 de este medio (ABUSO DE ARMA y LESIONES)<\/p>\n<p><strong>3- <\/strong><strong>CARDOZO ERNESTO FABI\u00c1N<\/strong>, nacionalidad argentina, de 48 a\u00f1os de edad, instruido, soltero, empleado de comercio, domiciliado en la calle Campichuelo n\u00famero 4249 de este medio, (ABUSO DE ARMA)<\/p>\n<p><strong>4- <\/strong><strong>LOZA CRISTIAN CARLOS<\/strong>, nacionalidad argentina, de 39 a\u00f1os de edad, instruido, casado, desocupado, domiciliado en la calle Posadas n\u00famero 1793 de este medio (ABUSO DE ARMA y LESIONES)<\/p>\n<p><strong>5- <\/strong><strong>BRUNO CRISTIAN JOS\u00c9 LUIS<\/strong>, nacionalidad argentina, de 39 a\u00f1os de edad, instruido, soltero, empleado de la recolecci\u00f3n de basura, domiciliado en la calle Campichuelo n\u00famero 4665 de este medio (ABUSO DER ARMA y LESIONES)<\/p>\n<p><strong>6- <\/strong><strong>RODR\u00cdGUEZ ELVIRA NOEMI<\/strong>, nacionalidad argentina, de 61 a\u00f1os de edad, soltera, comerciante, domiciliada en la calle Campichuelo n\u00famero 4665 de este medio, (TENENCIA ILEGAL DER ARMA DE USO CIVIL).-<\/p>\n<p><strong>7- <\/strong><strong>MEDINA GUILLERMO HORACIO alias CHIVO<\/strong>, nacionalidad argentina, de 47 a\u00f1os de edad, instruido, estado Civil casado, ocupaci\u00f3n chofer, domiciliado en la calle Posadas n\u00b0 1793 de este medio, D.N.I. n\u00b0 21.099.051, nacido el 3-11-1969 en Avellaneda.- (PORTACI\u00d3N ILEGAL DE ARMA DE USO CIVIL)<\/p>\n<p><strong>8- <\/strong><strong>MEDINA LEONEL GABRIEL<\/strong>, nacionalidad argentina, de 24 a\u00f1os de edad, instruido, soltero, empleado, domiciliado en la calle Posadas n\u00famero 1793 de este medio. (ABUSO DE ARMA y LESIONES)<\/p>\n<p><strong>9- <\/strong> <strong>LOZA GAST\u00d3N NICOL\u00c1S<\/strong>, nacionalidad argentina, de 19 a\u00f1os de edad, instruido, soltero, sin ocupaci\u00f3n, domiciliado en la calle Campichuelo y Posadas n\u00famero 4335 de este medio.<\/p>\n<p><strong><u>ELEMENTOS INCAUTADO<\/u><\/strong>: REV\u00d3LVER calibre 22 LARGO marca DOBERMAN serie \u00b0 01753C CON DIEZ MUNICIONES INTACTOS DEL MISMO CALIBRE.-<\/p>\n<p>UNA CARABINA calibre 22 LARGO serie n\u00famero 9428 sin marca visible con sistema cerrojo y mira telesc\u00f3pica.- (sin pedido de secuestro).-<\/p>\n<p>UNA CAJA DE MUNICIONES marca MAGTECH conteniendo 16 proyectiles intactos calibre 9 Milimetros.-<\/p>\n<p>UN CARGADOR DE MUNICIONES MARCA BERSA CONTENIENDO TRES PROYECTILES INTACTOS MISMO CALIBRE.-<\/p>\n<p>&nbsp;<\/p>\n<p><strong>&#8212;&#8212;&#8212;&#8212;&#8212;&#8212;&#8212;&#8212;&#8212;&#8212;&#8212;&#8212;&#8212;&#8212;&#8212;&#8212;&#8212;&#8212;&#8212;&#8212;&#8212;&#8212;&#8212;&#8212;&#8212;&#8212;&#8212;&#8212;&#8212;&#8212;&#8212;&#8212;&#8212;&#8212;&#8212;&#8212;&#8212;&#8212;&#8212;&#8212;&#8212;-<\/strong><\/p>\n<p><strong><u>SINTESIS DEL HECHO<\/u><\/strong>:<\/p>\n<p>Llevo a conocimiento del Se\u00f1or Jefe que en la fecha a ra\u00edz de tareas investigativas realizadas por parte del personal del Gabinete Criminol\u00f3gico de esta Dependencia Policial a cargo del Oficial Principal <strong>MARIANO BOHN<\/strong> y Sargento <strong>PABLO CANTERO<\/strong>, en el marco de la I.P.P. n\u00famero <strong>07-02-015516-16\/00<\/strong> caratulada <strong>ABUSO DE ARMA y LESIONES <\/strong> con intervenci\u00f3n de la Unidad Funcional de Instrucci\u00f3n y Juicio n\u00famero <strong>2<\/strong> y Juzgado de Garant\u00edas numero <strong>10<\/strong> a cargo de la Doctora ESTELA DEL CARMEN MOLLO de las Fiscal\u00edas descentralizadas de Avellaneda, se logr\u00f3 la obtenci\u00f3n de <strong>DIEZ (10)<\/strong> ORDENES DE ALLANAMIENTOS para los domicilios de los autores del hecho de que investigan, los cuales se hicieron efectivas el d\u00eda de la fecha por personal de esta Seccional con apoyo de la totalidad de las Comisaria de Avellaneda y Lan\u00fas obteniendo los siguientes resultados:<\/p>\n<p><strong>OBJETIVO 2<\/strong>: Campichuelo n\u00famero 4696 de este medio: se procede a la APREHENSION DE URGENCIA de <strong>GONZALEZ LEONARDO JAVIER<\/strong>, <strong>MONTES CLAUDIO ALEJANDRO alias CLAUDITO<\/strong>, <strong>CARDOZO ERNESTO FABI\u00c1N<\/strong>, y <strong>LOZA CRISTIAN CARLOS, <\/strong> quienes fueron participe directos del hecho que se investiga y los mismos fueron tomados por c\u00e1maras del material f\u00edlmico obtenido para el esclarecimiento del presente hecho.-<\/p>\n<p><strong> OBJETIVO 2: Campichuelo y Posadas sin n\u00famero de este medio, <\/strong>se procede a la APREHENSION DE URGENCIA de<strong> BRUNO CRISTIAN JOS\u00c9 LUIS<\/strong> y <strong>RODR\u00cdGUEZ ELVIRA NOEMI, <\/strong>hallando en el domicilio en menci\u00f3n un arma de fuego tipo revolver calibre calibre 22 LARGO marca DOBERMAN serie \u00b0 01753C CON m DIEZ MUNICIONES INTACTOS DEL MISMO CALIBRE, Aprehendiendo por el delito de TENENCIA ILEGAL DE ARMA DE USO CIVIL a la ciudadana RODR\u00cdGUEZ ELVIRA y por el delito de ABUSO DE ARMA y LESIONES a BRUNO CRISTIAN.-<\/p>\n<p><strong> OBJETIVO 3: POSADAS n\u00famero 1793 de este medio: <\/strong>se procede a la APREHENSION de <strong>MEDINA GUILLERMO HORACIO alias CHIVO<\/strong>, por el delito de TENENCIA ILEGAL DE ARMA DE USO CIVIL, incautando una CARABINA calibre 22 LARGO serie numero 9428 sin marca visible con sistema cerrojo y mira telesc\u00f3pica.- (sin pedido de secuestro).-<\/p>\n<p><strong>OBJETIVO 4:<\/strong> CAMPICHUELO y POSADAS sin numero<\/p>\n<p>lindante al numeral 1793: se procede a la Aprehension de <strong>MEDINA LEONEL GABRIEL<\/strong>, por el delito de ABUSO DE ARMAS y LESIONES, quien fuera tomado por el material f\u00edlmico obtenido como uno de los autores del hecho que se investiga.<\/p>\n<p>| <strong>OBJETIVO 5<\/strong>: Campichuelo 4335 de este medio: se procede a la Aprehensi\u00f3n de <strong>LOZA GAST\u00d3N NICOL\u00c1S<\/strong>, por el delito de ABUSO DE ARMAS y LESIONES, quien fuera tomado por el material f\u00edlmico obtenido como uno de los autores del hecho que se investiga.<\/p>\n<p><strong>OBJETIVO 6<\/strong>: Cno. Gral. Belgrano y Posadas Torre 17 sexto Piso depto. A de Lan\u00fas Este, departamento sin ocupantes se logra hallar e incautar UNA CAJA DE MUNICIONES marca MAGTECH conteniendo 16 proyectiles intactos calibre 9 Mil\u00edmetros UN CARGADOR DER MUNICIONES MARCA BERSA CONTENIENDO TRES PROYECTILES INTACTOS MISMO CALIBRE.-<\/p>\n<p><strong>OBJETIVO 7:<\/strong> CASACUBERTA y OYUELA Tira 62 Planta Baja A de este medio, se obtuvo un resultado NEGATIVO.-<\/p>\n<p><strong>OBJETIVO 8:<\/strong> Campichuelo y Los Pozos sin n\u00famero de este medio, se obtuvo un resultado NEGATIVO.-<\/p>\n<p><strong> OBJETIVO 9: <\/strong>LOS POZOS entre CAMPICHUELO y CAXARAVILLE de este medio, se obtuvo un resultado NEGATIVO.-<\/p>\n<p><strong>OBJETIVO 10<\/strong>: Casacuberta y General Piso sin n\u00famero de este medio, se obtuvo un resultado NEGATIVO.-<\/p>\n<p>Habiendo mantenida comunicaron telef\u00f3nica con el Magistrado interviniente, se aval\u00f3 la aprehensi\u00f3n de urgencia realizada y la incautaci\u00f3n de los elementos en menci\u00f3n, debiendo elevar actuaciones con aprehendidos el dia de ma\u00f1ana a primera hora.-<\/p>\n<p>&nbsp;<\/p>\n<p>Es cuanto comunico al Sr. Jefe.-<\/p>\n<p>&nbsp;<\/p>\n<p><strong>Silvio Rodrigo Herrera<\/strong><\/p>\n<p>Subcomisario<\/p>\n<p>Jefe de Dependencia<\/p>\n<p>Aprehendidos: 09.-<\/p>\n<p>Elementos incautados: 02 armas de fuego.-<\/p>\n<p><a href=\"http:\/\/distritalavellaneda.com.ar\/wp-content\/uploads\/2016\/10\/allanamientos-sec-Corina.jpg\"><img loading=\"lazy\" decoding=\"async\" class=\"alignnone size-medium wp-image-9929\" src=\"http:\/\/distritalavellaneda.com.ar\/wp-content\/uploads\/2016\/10\/allanamientos-sec-Corina-300x169.jpg\" alt=\"allanamientos-sec-corina\" width=\"300\" height=\"169\" \/> <\/a><a href=\"http:\/\/distritalavellaneda.com.ar\/wp-content\/uploads\/2016\/10\/incidentes-allanamientos-Corina-05-1.jpg\"><img loading=\"lazy\" decoding=\"async\" class=\"alignnone size-medium wp-image-9931\" src=\"http:\/\/distritalavellaneda.com.ar\/wp-content\/uploads\/2016\/10\/incidentes-allanamientos-Corina-05-1-184x300.jpg\" alt=\"incidentes-allanamientos-corina-05\" width=\"184\" height=\"300\" \/><\/a><a href=\"http:\/\/distritalavellaneda.com.ar\/wp-content\/uploads\/2016\/10\/incidentes-allanamientos-Corina-04-1.jpg\"><img loading=\"lazy\" decoding=\"async\" class=\"alignnone size-medium wp-image-9932\" src=\"http:\/\/distritalavellaneda.com.ar\/wp-content\/uploads\/2016\/10\/incidentes-allanamientos-Corina-04-1-300x221.jpg\" alt=\"incidentes-allanamientos-corina-04\" width=\"300\" height=\"221\" \/><\/a><a href=\"http:\/\/distritalavellaneda.com.ar\/wp-content\/uploads\/2016\/10\/incidentes-allanamientos-Corina-03-1.jpg\"><img loading=\"lazy\" decoding=\"async\" class=\"alignnone size-medium wp-image-9933\" src=\"http:\/\/distritalavellaneda.com.ar\/wp-content\/uploads\/2016\/10\/incidentes-allanamientos-Corina-03-1-300x198.jpg\" alt=\"incidentes-allanamientos-corina-03\" width=\"300\" height=\"198\" \/><\/a><a href=\"http:\/\/distritalavellaneda.com.ar\/wp-content\/uploads\/2016\/10\/incidentes-allanamientos-Corina-02-1.jpg\"><img loading=\"lazy\" decoding=\"async\" class=\"alignnone size-medium wp-image-9934\" src=\"http:\/\/distritalavellaneda.com.ar\/wp-content\/uploads\/2016\/10\/incidentes-allanamientos-Corina-02-1-140x300.jpg\" alt=\"incidentes-allanamientos-corina-02\" width=\"140\" height=\"300\" \/><\/a><a href=\"http:\/\/distritalavellaneda.com.ar\/wp-content\/uploads\/2016\/10\/incidentes-allanamientos-Corina-01-1.jpg\"><img loading=\"lazy\" decoding=\"async\" class=\"alignnone size-medium wp-image-9935\" src=\"http:\/\/distritalavellaneda.com.ar\/wp-content\/uploads\/2016\/10\/incidentes-allanamientos-Corina-01-1-292x300.jpg\" alt=\"incidentes-allanamientos-corina-01\" width=\"292\" height=\"300\" \/><\/a><\/p>\n<p>&nbsp;<\/p>\n<p><strong>Fuente: <a href=\"http:\/\/departamentalavellanedalanuslomas.blogspot.com.ar\/\">Jefatura Departamental Avellaneda-Lan\u00fas-Lomas<\/a><\/strong><\/p>\n","protected":false},"excerpt":{"rendered":"<p>A ra\u00edz de publicaciones en redes sociales de sujetos que se enfrentaron en la localidad de Villa Corina, donde se observa a varios de estos esgrimir armas de fuego, personal policial de la Comisar\u00eda 7ma, inici\u00f3 actuaciones de oficio y la justicia dispuso librar varias ordenes de allanamiento, que contaron el la intervenci\u00f3n de personal&hellip;<\/p>\n","protected":false},"author":1,"featured_media":0,"comment_status":"open","ping_status":"open","sticky":false,"template":"","format":"standard","meta":{"footnotes":""},"categories":[22],"tags":[24086,493,16605,22301,23294,1739,2818],"class_list":["post-63057","post","type-post","status-publish","format-standard","hentry","category-policiales","tag-abuso-de-armas","tag-allanamientos","tag-comisaria-7ma","tag-comisario-mayor-javier-carlos-villar","tag-jefatura-departamental-avellaneda-lanus-lomas","tag-lesiones","tag-villa-corina"],"_links":{"self":[{"href":"https:\/\/www.elsindical.com.ar\/notas\/wp-json\/wp\/v2\/posts\/63057","targetHints":{"allow":["GET"]}}],"collection":[{"href":"https:\/\/www.elsindical.com.ar\/notas\/wp-json\/wp\/v2\/posts"}],"about":[{"href":"https:\/\/www.elsindical.com.ar\/notas\/wp-json\/wp\/v2\/types\/post"}],"author":[{"embeddable":true,"href":"https:\/\/www.elsindical.com.ar\/notas\/wp-json\/wp\/v2\/users\/1"}],"replies":[{"embeddable":true,"href":"https:\/\/www.elsindical.com.ar\/notas\/wp-json\/wp\/v2\/comments?post=63057"}],"version-history":[{"count":1,"href":"https:\/\/www.elsindical.com.ar\/notas\/wp-json\/wp\/v2\/posts\/63057\/revisions"}],"predecessor-version":[{"id":63058,"href":"https:\/\/www.elsindical.com.ar\/notas\/wp-json\/wp\/v2\/posts\/63057\/revisions\/63058"}],"wp:attachment":[{"href":"https:\/\/www.elsindical.com.ar\/notas\/wp-json\/wp\/v2\/media?parent=63057"}],"wp:term":[{"taxonomy":"category","embeddable":true,"href":"https:\/\/www.elsindical.com.ar\/notas\/wp-json\/wp\/v2\/categories?post=63057"},{"taxonomy":"post_tag","embeddable":true,"href":"https:\/\/www.elsindical.com.ar\/notas\/wp-json\/wp\/v2\/tags?post=63057"}],"curies":[{"name":"wp","href":"https:\/\/api.w.org\/{rel}","templated":true}]}}