{"id":63023,"date":"2016-10-25T09:13:34","date_gmt":"2016-10-25T12:13:34","guid":{"rendered":"http:\/\/www.elsindical.com.ar\/notas\/?p=63023"},"modified":"2016-10-25T09:13:34","modified_gmt":"2016-10-25T12:13:34","slug":"remueven-al-jefe-y-a-la-cupula-del-servicio-penitenciario-bonaerense","status":"publish","type":"post","link":"https:\/\/www.elsindical.com.ar\/notas\/remueven-al-jefe-y-a-la-cupula-del-servicio-penitenciario-bonaerense\/","title":{"rendered":"Remueven al jefe y a la c\u00fapula del Servicio Penitenciario bonaerense"},"content":{"rendered":"<p><em>\u00a0<a href=\"http:\/\/www.elsindical.com.ar\/notas\/var\/www\/html\/notas\/wp-content\/uploads\/2013\/07\/gorra-SPB.jpg\"><img loading=\"lazy\" decoding=\"async\" class=\"alignnone size-medium wp-image-36012\" src=\"http:\/\/www.elsindical.com.ar\/notas\/var\/www\/html\/notas\/wp-content\/uploads\/2013\/07\/gorra-SPB-199x300.jpg\" alt=\"gorra SPB\" width=\"199\" height=\"300\" srcset=\"https:\/\/www.elsindical.com.ar\/notas\/var\/www\/html\/notas\/wp-content\/uploads\/2013\/07\/gorra-SPB-199x300.jpg 199w, https:\/\/www.elsindical.com.ar\/notas\/var\/www\/html\/notas\/wp-content\/uploads\/2013\/07\/gorra-SPB.jpg 366w\" sizes=\"auto, (max-width: 199px) 100vw, 199px\" \/><\/a> El ministro de Justicia Ferrari le pidi\u00f3 la renuncia al actual jefe y a toda la c\u00fapula de ese organismo, que ahora quedar\u00e1 a cargo de Juan Baric, actual subsecretario de pol\u00edtica penitenciaria.<\/em><\/p>\n<p>El ministro de Justicia bonaerense, Gustavo Ferrari, pidi\u00f3 la renuncia a toda la c\u00fapula del Servicio Penitenciario Bonaerense (SPB), encabezada por Fernando D\u00edaz, quien ser\u00e1 reemplazado por el actual subsecretario de Pol\u00edtica Penitenciaria.<\/p>\n<p>Las dimisiones solicitadas fueron justificadas en el marco de la reforma penitenciaria que la gobernadora Mar\u00eda Eugenia Vidal viene realizando desde que asumi\u00f3 el a\u00f1o pasado y que se completar\u00e1 con un anuncio ma\u00f1ana durante una conferencia.<\/p>\n<p>Vidal y Ferrari encabezar\u00e1n la conferencia de prensa a las 10 en la Casa de Gobierno en La Plata, y seg\u00fan anticiparon a DyN fuentes oficiales la mandataria provincial anunciar\u00e1 una \u00abprofunda reforma\u00bb del sistema penitenciario de la provincia de Buenos Aires.<\/p>\n<p>Voceros penitenciarios indicaron a esta agencia que la conducci\u00f3n del SPB quedar\u00e1 a cargo interinamente del Subsecretario de Pol\u00edticas Penitenciaria, Juan Baric, quien se desempa\u00f1ar\u00e1 como interventor hasta que se concreten los cambios en la estructura carcelaria provincial.<\/p>\n<p>El desplazado D\u00edaz, quien fue subjefe del Servicio Penitenciario Federal (SPF) en la gesti\u00f3n anterior, asumi\u00f3 al frente del SPB el 28 de diciembre de 2015, luego de que fuera removida la c\u00fapula penitenciaria tras la fuga del penal de General Alvear de tres condenados por el triple crimen de General Rodr\u00edguez.<\/p>\n<p>Los cambios en el Servicio Penitenciario siguieron dos d\u00edas despu\u00e9s, cuando el 30 de diciembre Vidal dispuso por decreto la emergencia penitenciaria, luego de que se cayera la sesi\u00f3n en la que los legisladores iban a tratarla junto al presupuesto y otras iniciativas.<\/p>\n<p>En marzo la gobernadora avanz\u00f3 un escal\u00f3n m\u00e1s en el control de la c\u00fapula carcelaria cuando incluy\u00f3 a los funcionarios del SPB entre los obligados a presentar anualmente la declaraci\u00f3n patrimonial de bienes, junto a los ministros y jefes de la polic\u00eda provincial.<\/p>\n<p>En los \u00faltimos meses D\u00edaz hab\u00eda recibido duros cuestionamientos de organismos defensores de derechos humanos, que lo vinculan con un esc\u00e1ndalo por el presunto delito de vejaciones y una causa por \u00abadministraci\u00f3n fraudulenta\u00bb en c\u00e1rceles salte\u00f1as del SPF.<\/p>\n<p>Tras conocerse la salida de D\u00edaz, desde la Comisi\u00f3n Provincial por la Memoria indicaron que \u00abes una buena noticia que debe venir acompa\u00f1ada de cambios estructurales para transformar la grave crisis que enfrenta el sistema de encierro bonaerense\u00bb.<\/p>\n","protected":false},"excerpt":{"rendered":"<p>\u00a0 El ministro de Justicia Ferrari le pidi\u00f3 la renuncia al actual jefe y a toda la c\u00fapula de ese organismo, que ahora quedar\u00e1 a cargo de Juan Baric, actual subsecretario de pol\u00edtica penitenciaria. El ministro de Justicia bonaerense, Gustavo Ferrari, pidi\u00f3 la renuncia a toda la c\u00fapula del Servicio Penitenciario Bonaerense (SPB), encabezada por&hellip;<\/p>\n","protected":false},"author":1,"featured_media":0,"comment_status":"open","ping_status":"open","sticky":false,"template":"","format":"standard","meta":{"footnotes":""},"categories":[13],"tags":[17746,22020,24020,7265,2283,1544],"class_list":["post-63023","post","type-post","status-publish","format-standard","hentry","category-politica","tag-cupula","tag-denuncias","tag-gustavo-ferrari","tag-maria-eugenia-vidal","tag-renuncias","tag-spb"],"_links":{"self":[{"href":"https:\/\/www.elsindical.com.ar\/notas\/wp-json\/wp\/v2\/posts\/63023","targetHints":{"allow":["GET"]}}],"collection":[{"href":"https:\/\/www.elsindical.com.ar\/notas\/wp-json\/wp\/v2\/posts"}],"about":[{"href":"https:\/\/www.elsindical.com.ar\/notas\/wp-json\/wp\/v2\/types\/post"}],"author":[{"embeddable":true,"href":"https:\/\/www.elsindical.com.ar\/notas\/wp-json\/wp\/v2\/users\/1"}],"replies":[{"embeddable":true,"href":"https:\/\/www.elsindical.com.ar\/notas\/wp-json\/wp\/v2\/comments?post=63023"}],"version-history":[{"count":1,"href":"https:\/\/www.elsindical.com.ar\/notas\/wp-json\/wp\/v2\/posts\/63023\/revisions"}],"predecessor-version":[{"id":63024,"href":"https:\/\/www.elsindical.com.ar\/notas\/wp-json\/wp\/v2\/posts\/63023\/revisions\/63024"}],"wp:attachment":[{"href":"https:\/\/www.elsindical.com.ar\/notas\/wp-json\/wp\/v2\/media?parent=63023"}],"wp:term":[{"taxonomy":"category","embeddable":true,"href":"https:\/\/www.elsindical.com.ar\/notas\/wp-json\/wp\/v2\/categories?post=63023"},{"taxonomy":"post_tag","embeddable":true,"href":"https:\/\/www.elsindical.com.ar\/notas\/wp-json\/wp\/v2\/tags?post=63023"}],"curies":[{"name":"wp","href":"https:\/\/api.w.org\/{rel}","templated":true}]}}