{"id":62998,"date":"2016-10-23T21:29:52","date_gmt":"2016-10-24T00:29:52","guid":{"rendered":"http:\/\/www.elsindical.com.ar\/notas\/?p=62998"},"modified":"2016-10-23T21:29:52","modified_gmt":"2016-10-24T00:29:52","slug":"centro-de-monitoreo-de-avellaneda-un-misterio-para-los-vecinos","status":"publish","type":"post","link":"https:\/\/www.elsindical.com.ar\/notas\/centro-de-monitoreo-de-avellaneda-un-misterio-para-los-vecinos\/","title":{"rendered":"Centro de Monitoreo de Avellaneda, un misterio para los vecinos"},"content":{"rendered":"<p><a href=\"http:\/\/www.elsindical.com.ar\/notas\/var\/www\/html\/notas\/wp-content\/uploads\/2016\/10\/Marinano-Valcarce-centro-de-monitoreo.jpg\"><img loading=\"lazy\" decoding=\"async\" class=\"alignnone size-medium wp-image-62996\" src=\"http:\/\/www.elsindical.com.ar\/notas\/var\/www\/html\/notas\/wp-content\/uploads\/2016\/10\/Marinano-Valcarce-centro-de-monitoreo-300x226.jpg\" alt=\"marinano-valcarce-centro-de-monitoreo\" width=\"300\" height=\"226\" srcset=\"https:\/\/www.elsindical.com.ar\/notas\/var\/www\/html\/notas\/wp-content\/uploads\/2016\/10\/Marinano-Valcarce-centro-de-monitoreo-300x226.jpg 300w, https:\/\/www.elsindical.com.ar\/notas\/var\/www\/html\/notas\/wp-content\/uploads\/2016\/10\/Marinano-Valcarce-centro-de-monitoreo-398x300.jpg 398w, https:\/\/www.elsindical.com.ar\/notas\/var\/www\/html\/notas\/wp-content\/uploads\/2016\/10\/Marinano-Valcarce-centro-de-monitoreo.jpg 531w\" sizes=\"auto, (max-width: 300px) 100vw, 300px\" \/><\/a> <em>El Centro de Monitoreo de Avellaneda, ubicado en la Av. Mitre 2615 en la planta baja del Polo Judicial de Avellaneda y lindero a la Subsecretar\u00eda de Seguridad del municipio de quien depende, el responsable del lugar es el se\u00f1or Mariano Valcarce, miembro de la conocida familia Valcarce en el partido por su estudio jur\u00eddico y por la participaci\u00f3n de varios de los miembros en la pol\u00edtica local.<\/em><\/p>\n<p>A la fecha, es una constante, la preocupaci\u00f3n de los vecinos de Avellaneda respecto al funcionamiento del Centro de Monitoreo desde donde se supone hay personal permanentemente controlando las c\u00e1maras de seguridad, lo curioso es que la estad\u00edstica de efectividad de este centro es negativa, casi no hay prevenci\u00f3n por intervenciones desde el dentro de monitoreo y consumado el delito, la estad\u00edstica vuelve a ser negativa, o la c\u00e1mara no funcionaba en ese momento (no se sabe si alguna vez funcion\u00f3) o bien se encontraba apuntando una pared o un \u00e1rbol, lo mismo pasa aunque usted no lo crea con los domos, que teniendo la capacidad de girar, suelen estar est\u00e1ticos.<\/p>\n<p>Abundan las causas en el Polo Judicial de Avellaneda, donde o no se env\u00edan las copias a las fiscal\u00edas para investigar o bien se informa que no hay registros de la hora y d\u00eda requeridos, a pesar de las promesas pol\u00edticas de que el municipio iba a mejorar con inversiones millonarias en c\u00e1maras y tecnolog\u00eda aplicada a la seguridad, pudimos comprobar desde El Sindical, que son muy pocos los monitores que son controlados por operadores y que la cantidad de los mismos no posibilita un trabajo eficiente, tambi\u00e9n pudimos ver que muchas de las c\u00e1maras, la mayor\u00eda para ser m\u00e1s precisos, no son de buena resoluci\u00f3n lo que no permite hacer identificaciones de rostros o patentes de autos, mucho menos apreciar detalles para una prevenci\u00f3n, situaciones que se agravan con poca iluminaci\u00f3n.<\/p>\n<p>Sitios en las redes sociales como el Foro Avellaneda Segura, es un buen term\u00f3metro de lo que pasa en la ciudad y el partido, miles de vecinos comentan sus experiencias sobre delitos cometidos en lugares donde se supone hay una c\u00e1mara de seguridad, plazas como Plaza Alsina, Plaza San Mart\u00edn, Plaza Barracas, Plaza Ucrania, por mencionar algunas, suelen ser lugares donde se cometen delitos que bien podr\u00edan ser prevenidos se alguien mirara las c\u00e1maras o bien si estas funcionaran.<\/p>\n<p>En el 2015, el Jefe de Gabinete de Avellaneda, Pablo Vera como Secretario de Gobierno brindaba una entrevista period\u00edstica donde aseguraba que para el 2016 Avellaneda, tendr\u00eda una c\u00e1mara cada 300 metros, lo que iba a colocar al municipio un paso adelante de otros en materia de seguridad y prevenci\u00f3n, ya a casi fin del 2016, la realidad es que el partido sigue siendo inseguro, se mejor\u00f3 la presencia policial, pero es imposible pensar en un polic\u00eda por cuadra y las c\u00e1maras siguen siendo materia de reclamo vecinal.<\/p>\n<p>La impresi\u00f3n que se han llevado los vecinos que fueron v\u00edctimas de alg\u00fan delito y debieron concurrir al Centro de Monitoreo a mirar las c\u00e1maras es mala, como no es buena la impresi\u00f3n que se han llevado del responsable del lugar Mariano Valcarce quien parece despreocuparse de todo y no darse cuenta que es \u00e9l el primer responsable frente a los vecinos de que el lugar no sea eficiente.<\/p>\n<p>Se\u00f1or Mariano Valcarce, \u00bf qu\u00e9 explicaci\u00f3n tiene para los vecinos en calles donde habiendo c\u00e1mara de seguridad se roba a diario, se venden drogas, se observan motos con sujetos en actitud sospechosa, se desarman autos cuyos cascos luego aparecen abandonados, se cometen a diario infracciones de tr\u00e1nsito, incluso se observan actos de corrupci\u00f3n, hay una orden de no informar, son negligentes, las c\u00e1maras no funcionan, no tienen suficiente personal?. Ser\u00eda interesante que usted usuario de redes sociales, as\u00ed como comenta sobre pol\u00edtica y otros temas, explique \u00bfqu\u00e9 pasa? en el Centro de Monitoreo.<\/p>\n<p>&nbsp;<\/p>\n<p><strong>Por Marcelo Ricardo Hawrylciw<\/strong><\/p>\n","protected":false},"excerpt":{"rendered":"<p>El Centro de Monitoreo de Avellaneda, ubicado en la Av. Mitre 2615 en la planta baja del Polo Judicial de Avellaneda y lindero a la Subsecretar\u00eda de Seguridad del municipio de quien depende, el responsable del lugar es el se\u00f1or Mariano Valcarce, miembro de la conocida familia Valcarce en el partido por su estudio jur\u00eddico&hellip;<\/p>\n","protected":false},"author":1,"featured_media":0,"comment_status":"open","ping_status":"open","sticky":false,"template":"","format":"standard","meta":{"footnotes":""},"categories":[10],"tags":[461,1061,24659,984,24660,24661,8305,3315,613],"class_list":["post-62998","post","type-post","status-publish","format-standard","hentry","category-editorial","tag-avellaneda","tag-camaras","tag-centro-municipal-de-monitoreo","tag-inseguridad","tag-mariano-valcarce","tag-monitores","tag-operadores","tag-prevencion","tag-seguridad"],"_links":{"self":[{"href":"https:\/\/www.elsindical.com.ar\/notas\/wp-json\/wp\/v2\/posts\/62998","targetHints":{"allow":["GET"]}}],"collection":[{"href":"https:\/\/www.elsindical.com.ar\/notas\/wp-json\/wp\/v2\/posts"}],"about":[{"href":"https:\/\/www.elsindical.com.ar\/notas\/wp-json\/wp\/v2\/types\/post"}],"author":[{"embeddable":true,"href":"https:\/\/www.elsindical.com.ar\/notas\/wp-json\/wp\/v2\/users\/1"}],"replies":[{"embeddable":true,"href":"https:\/\/www.elsindical.com.ar\/notas\/wp-json\/wp\/v2\/comments?post=62998"}],"version-history":[{"count":1,"href":"https:\/\/www.elsindical.com.ar\/notas\/wp-json\/wp\/v2\/posts\/62998\/revisions"}],"predecessor-version":[{"id":63000,"href":"https:\/\/www.elsindical.com.ar\/notas\/wp-json\/wp\/v2\/posts\/62998\/revisions\/63000"}],"wp:attachment":[{"href":"https:\/\/www.elsindical.com.ar\/notas\/wp-json\/wp\/v2\/media?parent=62998"}],"wp:term":[{"taxonomy":"category","embeddable":true,"href":"https:\/\/www.elsindical.com.ar\/notas\/wp-json\/wp\/v2\/categories?post=62998"},{"taxonomy":"post_tag","embeddable":true,"href":"https:\/\/www.elsindical.com.ar\/notas\/wp-json\/wp\/v2\/tags?post=62998"}],"curies":[{"name":"wp","href":"https:\/\/api.w.org\/{rel}","templated":true}]}}