{"id":62912,"date":"2016-10-20T08:32:12","date_gmt":"2016-10-20T11:32:12","guid":{"rendered":"http:\/\/www.elsindical.com.ar\/notas\/?p=62912"},"modified":"2016-10-20T08:32:12","modified_gmt":"2016-10-20T11:32:12","slug":"donaciones-sin-recibo-michetti-sigue-complicada","status":"publish","type":"post","link":"https:\/\/www.elsindical.com.ar\/notas\/donaciones-sin-recibo-michetti-sigue-complicada\/","title":{"rendered":"Donaciones sin recibo: Michetti sigue complicada"},"content":{"rendered":"<p><em><a href=\"http:\/\/www.elsindical.com.ar\/notas\/var\/www\/html\/notas\/wp-content\/uploads\/2016\/08\/Gabriela-Michetti-gesto.jpg\"><img loading=\"lazy\" decoding=\"async\" class=\"alignnone size-medium wp-image-61446\" src=\"http:\/\/www.elsindical.com.ar\/notas\/var\/www\/html\/notas\/wp-content\/uploads\/2016\/08\/Gabriela-Michetti-gesto-300x221.jpg\" alt=\"Gabriela-Michetti-gesto\" width=\"300\" height=\"221\" srcset=\"https:\/\/www.elsindical.com.ar\/notas\/var\/www\/html\/notas\/wp-content\/uploads\/2016\/08\/Gabriela-Michetti-gesto-300x221.jpg 300w, https:\/\/www.elsindical.com.ar\/notas\/var\/www\/html\/notas\/wp-content\/uploads\/2016\/08\/Gabriela-Michetti-gesto-407x300.jpg 407w, https:\/\/www.elsindical.com.ar\/notas\/var\/www\/html\/notas\/wp-content\/uploads\/2016\/08\/Gabriela-Michetti-gesto.jpg 620w\" sizes=\"auto, (max-width: 300px) 100vw, 300px\" \/><\/a>\u00a0 Un colaborador directo de Gabriela Michetti confirm\u00f3 ante la Justicia que parte del dinero que le fue sustra\u00eddo a la vicepresidenta proven\u00eda de \u00abdonaciones\u00bb para la Fundaci\u00f3n SUMA, por las que no se entregaron recibos.<\/em><\/p>\n<p><strong>Santiago Eduardo Riob\u00f3<\/strong>, actual jefe de Despacho en la Presidencia del Senado y colaborador de <strong>Michetti <\/strong>desde que ella era Diputada Nacional, har\u00e1 <em>\u00abcinco o seis a\u00f1os\u00bb<\/em> (de acuerdo a su presentaci\u00f3n), declar\u00f3 ante el juez <strong>Lijo<\/strong> que \u00e9l mismo realiz\u00f3 un aporte de 2.500 pesos, tambi\u00e9n sin recibo.<\/p>\n<p><em>\u00abEl aporte lo realic\u00e9 en el despacho de <strong>Gabriela Michetti<\/strong>, cuando era Senadora, fue por la suma de 2.500 pesos en los primeros d\u00edas de noviembre de 2015, dos semanas antes de que suceda el robo en la casa. Esta colaboraci\u00f3n la realic\u00e9 en efectivo y la sum\u00e9 yo al dinero que se estaba recaudando\u00bb<\/em>, declar\u00f3 <strong>Riob\u00f3 <\/strong>ante el juez <strong>Ariel Lijo<\/strong>.<\/p>\n<p><em>\u00abVarios integrantes del PRO estaban aportando dinero para los gastos de la cena de gala de la Fundaci\u00f3n SUMA\u00bb<\/em>, seg\u00fan relat\u00f3 <strong>Riob\u00f3<\/strong>.<\/p>\n<p>\u00ab<em>No se entreg\u00f3 recibo sino que por pedido de Gabriela lo que yo hac\u00eda era anotar qui\u00e9n me daba y cu\u00e1nto para que cuando ella fuera a la Fundaci\u00f3n le hiciera los recibos correspondientes\u00bb<\/em>, explic\u00f3.<\/p>\n<p>Interrogado sobre c\u00f3mo se recaudaba y guardaba el dinero, respondi\u00f3: <em>\u00abYo ten\u00eda un caj\u00f3n con llave en el que guardaba las donaciones que se iban recibiendo. Gabriela no recaudaba el dinero, sino que pidi\u00f3 colaboraci\u00f3n y ella dijo que me lo dieran a m\u00ed\u00bb<\/em>.<\/p>\n<p>De esa manera, <strong>Riob\u00f3<\/strong> record\u00f3 haber recibido un \u00ab<em>sobre<\/em>\u00bb con una cifra de entre 70.000 y 75.000 pesos que le entreg\u00f3 el senador <strong>Federico Pinedo<\/strong> <em>\u00abuna semana antes de las elecciones\u00bb<\/em>, y una suma similar que le entreg\u00f3 la hermana de <strong>Michetti<\/strong>.<\/p>\n<p><em>\u00abLa fecha exacta de eso no la recuerdo pero si s\u00e9 que en el sobre estaba el dinero que \u00e9l hab\u00eda recaudado, as\u00ed como tambi\u00e9n un papelito en el que constaban los nombres y montos de los aportantes\u00bb<\/em>, refiri\u00f3 sobre la donaci\u00f3n canalizada a trav\u00e9s de <strong>Pinedo<\/strong>.<\/p>\n<p><em>\u00abEntiendo que Federico Pinedo y Silvina Michetti no entregaron recibos por las donaciones realizadas, porque la modalidad era la misma; esto es, entregar un listado con los nombres y montos para que una vez que Gabriela entregara el dinero a la Fundaci\u00f3n se confeccionen los recibos correspondientes\u00bb<\/em>, insisti\u00f3 <strong>Riob\u00f3<\/strong>.<\/p>\n<p>Preguntado sobre c\u00f3mo lleg\u00f3 el dinero que fue robado la noche del balotaje presidencial- a la casa de <strong>Michetti<\/strong>, el colaborador record\u00f3 que fue \u00e9l quien se lo entreg\u00f3 al empresario <strong>Juan Tonelli Banfi<\/strong>, pareja de la vicepresidenta.<\/p>\n<p><em>\u00abEse viernes yo me llev\u00e9 toda la plata a mi domicilio y el s\u00e1bado 21 de noviembre de 2015 a la ma\u00f1ana se lo acerqu\u00e9 al domicilio de Juan. Tengo entendido que Juan le llev\u00f3 el dinero a Gabriela ese mismo d\u00eda a la casa y que al d\u00eda siguiente fue el robo\u00bb<\/em>, resumi\u00f3.<\/p>\n<p>El juez <strong>Lijo <\/strong>quiso saber \u00f4si en alguna otra oportunidad ha recaudado donaciones de dinero realizadas por parte de terceros en favor de la Fundaci\u00f3n SUMA, a lo que <strong>Riob\u00f3 <\/strong>contest\u00f3: <em>\u00abNo, recaudar yo no. Fue esa sola vez\u00bb<\/em>.<\/p>\n","protected":false},"excerpt":{"rendered":"<p>\u00a0 Un colaborador directo de Gabriela Michetti confirm\u00f3 ante la Justicia que parte del dinero que le fue sustra\u00eddo a la vicepresidenta proven\u00eda de \u00abdonaciones\u00bb para la Fundaci\u00f3n SUMA, por las que no se entregaron recibos. Santiago Eduardo Riob\u00f3, actual jefe de Despacho en la Presidencia del Senado y colaborador de Michetti desde que ella&hellip;<\/p>\n","protected":false},"author":1,"featured_media":0,"comment_status":"open","ping_status":"open","sticky":false,"template":"","format":"standard","meta":{"footnotes":""},"categories":[20],"tags":[123,6862,3862,24635,24637,24636],"class_list":["post-62912","post","type-post","status-publish","format-standard","hentry","category-judiciales","tag-dinero","tag-federico-pinedo","tag-gabriela-michetti","tag-juan-tonelli-banfi","tag-recibos","tag-santiago-eduardo-riobo"],"_links":{"self":[{"href":"https:\/\/www.elsindical.com.ar\/notas\/wp-json\/wp\/v2\/posts\/62912","targetHints":{"allow":["GET"]}}],"collection":[{"href":"https:\/\/www.elsindical.com.ar\/notas\/wp-json\/wp\/v2\/posts"}],"about":[{"href":"https:\/\/www.elsindical.com.ar\/notas\/wp-json\/wp\/v2\/types\/post"}],"author":[{"embeddable":true,"href":"https:\/\/www.elsindical.com.ar\/notas\/wp-json\/wp\/v2\/users\/1"}],"replies":[{"embeddable":true,"href":"https:\/\/www.elsindical.com.ar\/notas\/wp-json\/wp\/v2\/comments?post=62912"}],"version-history":[{"count":1,"href":"https:\/\/www.elsindical.com.ar\/notas\/wp-json\/wp\/v2\/posts\/62912\/revisions"}],"predecessor-version":[{"id":62913,"href":"https:\/\/www.elsindical.com.ar\/notas\/wp-json\/wp\/v2\/posts\/62912\/revisions\/62913"}],"wp:attachment":[{"href":"https:\/\/www.elsindical.com.ar\/notas\/wp-json\/wp\/v2\/media?parent=62912"}],"wp:term":[{"taxonomy":"category","embeddable":true,"href":"https:\/\/www.elsindical.com.ar\/notas\/wp-json\/wp\/v2\/categories?post=62912"},{"taxonomy":"post_tag","embeddable":true,"href":"https:\/\/www.elsindical.com.ar\/notas\/wp-json\/wp\/v2\/tags?post=62912"}],"curies":[{"name":"wp","href":"https:\/\/api.w.org\/{rel}","templated":true}]}}