{"id":62855,"date":"2016-10-18T19:54:20","date_gmt":"2016-10-18T22:54:20","guid":{"rendered":"http:\/\/www.elsindical.com.ar\/notas\/?p=62855"},"modified":"2016-10-18T19:54:20","modified_gmt":"2016-10-18T22:54:20","slug":"pilar-nena-murio-electrocutada-cuando-enchufaba-su-notebook","status":"publish","type":"post","link":"https:\/\/www.elsindical.com.ar\/notas\/pilar-nena-murio-electrocutada-cuando-enchufaba-su-notebook\/","title":{"rendered":"Pilar: Nena muri\u00f3 electrocutada cuando enchufaba su notebook"},"content":{"rendered":"<p><em><a href=\"http:\/\/www.elsindical.com.ar\/notas\/var\/www\/html\/notas\/wp-content\/uploads\/2016\/10\/notebook-2.jpg\"><img loading=\"lazy\" decoding=\"async\" class=\"alignnone size-medium wp-image-62856\" src=\"http:\/\/www.elsindical.com.ar\/notas\/var\/www\/html\/notas\/wp-content\/uploads\/2016\/10\/notebook-2-300x158.jpg\" alt=\"notebook-2\" width=\"300\" height=\"158\" srcset=\"https:\/\/www.elsindical.com.ar\/notas\/var\/www\/html\/notas\/wp-content\/uploads\/2016\/10\/notebook-2-300x158.jpg 300w, https:\/\/www.elsindical.com.ar\/notas\/var\/www\/html\/notas\/wp-content\/uploads\/2016\/10\/notebook-2-500x263.jpg 500w, https:\/\/www.elsindical.com.ar\/notas\/var\/www\/html\/notas\/wp-content\/uploads\/2016\/10\/notebook-2.jpg 680w\" sizes=\"auto, (max-width: 300px) 100vw, 300px\" \/><\/a>\u00a0 Una menor de 11 a\u00f1os muri\u00f3 al recibir una descarga el\u00e9ctrica cuando intentaba hacer funcionar su computadora portatil\u00a0en su casa del partido bonaerense de Pilar.<\/em><\/p>\n<div>\n<p>El hecho ocurri\u00f3 en una vivienda de la calle R\u00edo II, en el barrio Toro, de Presidente Derqui.<\/p>\n<p>Seg\u00fan informaron fuentes policiales a El Diario de Pilar, la v\u00edctima (se llamaba Abril)\u00a0no pod\u00eda usar correctamente su notebook, por lo que decidi\u00f3 manipular el transformador y recibi\u00f3 una descarga el\u00e9ctrica fatal.<\/p>\n<p>La nena fue llevada al Centro de Salud de Toro, pero no lograron salvarle la vida.<\/p>\n<p>Como no hab\u00eda ambulancia ni morguera disponible, el cuerpo fue retirado varias horas m\u00e1s tarde en la parte trasera de una camioneta policial.<\/p>\n<\/div>\n","protected":false},"excerpt":{"rendered":"<p>\u00a0 Una menor de 11 a\u00f1os muri\u00f3 al recibir una descarga el\u00e9ctrica cuando intentaba hacer funcionar su computadora portatil\u00a0en su casa del partido bonaerense de Pilar. El hecho ocurri\u00f3 en una vivienda de la calle R\u00edo II, en el barrio Toro, de Presidente Derqui. Seg\u00fan informaron fuentes policiales a El Diario de Pilar, la v\u00edctima&hellip;<\/p>\n","protected":false},"author":1,"featured_media":0,"comment_status":"open","ping_status":"open","sticky":false,"template":"","format":"standard","meta":{"footnotes":""},"categories":[22],"tags":[24617,1104,4400],"class_list":["post-62855","post","type-post","status-publish","format-standard","hentry","category-policiales","tag-electrocutada","tag-nena","tag-notebook"],"_links":{"self":[{"href":"https:\/\/www.elsindical.com.ar\/notas\/wp-json\/wp\/v2\/posts\/62855","targetHints":{"allow":["GET"]}}],"collection":[{"href":"https:\/\/www.elsindical.com.ar\/notas\/wp-json\/wp\/v2\/posts"}],"about":[{"href":"https:\/\/www.elsindical.com.ar\/notas\/wp-json\/wp\/v2\/types\/post"}],"author":[{"embeddable":true,"href":"https:\/\/www.elsindical.com.ar\/notas\/wp-json\/wp\/v2\/users\/1"}],"replies":[{"embeddable":true,"href":"https:\/\/www.elsindical.com.ar\/notas\/wp-json\/wp\/v2\/comments?post=62855"}],"version-history":[{"count":1,"href":"https:\/\/www.elsindical.com.ar\/notas\/wp-json\/wp\/v2\/posts\/62855\/revisions"}],"predecessor-version":[{"id":62857,"href":"https:\/\/www.elsindical.com.ar\/notas\/wp-json\/wp\/v2\/posts\/62855\/revisions\/62857"}],"wp:attachment":[{"href":"https:\/\/www.elsindical.com.ar\/notas\/wp-json\/wp\/v2\/media?parent=62855"}],"wp:term":[{"taxonomy":"category","embeddable":true,"href":"https:\/\/www.elsindical.com.ar\/notas\/wp-json\/wp\/v2\/categories?post=62855"},{"taxonomy":"post_tag","embeddable":true,"href":"https:\/\/www.elsindical.com.ar\/notas\/wp-json\/wp\/v2\/tags?post=62855"}],"curies":[{"name":"wp","href":"https:\/\/api.w.org\/{rel}","templated":true}]}}