{"id":62775,"date":"2016-10-14T03:29:01","date_gmt":"2016-10-14T06:29:01","guid":{"rendered":"http:\/\/www.elsindical.com.ar\/notas\/?p=62775"},"modified":"2016-10-14T03:29:01","modified_gmt":"2016-10-14T06:29:01","slug":"incendio-en-tribunales-de-san-martin-y-amenaza-a-vidal","status":"publish","type":"post","link":"https:\/\/www.elsindical.com.ar\/notas\/incendio-en-tribunales-de-san-martin-y-amenaza-a-vidal\/","title":{"rendered":"Incendio en Tribunales de San Mart\u00edn y amenaza a Vidal"},"content":{"rendered":"<p><em><a href=\"http:\/\/www.elsindical.com.ar\/notas\/var\/www\/html\/notas\/wp-content\/uploads\/2016\/10\/amenazas-a-Vidal.jpg\"><img loading=\"lazy\" decoding=\"async\" class=\"alignnone size-medium wp-image-62776\" src=\"http:\/\/www.elsindical.com.ar\/notas\/var\/www\/html\/notas\/wp-content\/uploads\/2016\/10\/amenazas-a-Vidal-300x158.jpg\" alt=\"amenazas-a-vidal\" width=\"300\" height=\"158\" srcset=\"https:\/\/www.elsindical.com.ar\/notas\/var\/www\/html\/notas\/wp-content\/uploads\/2016\/10\/amenazas-a-Vidal-300x158.jpg 300w, https:\/\/www.elsindical.com.ar\/notas\/var\/www\/html\/notas\/wp-content\/uploads\/2016\/10\/amenazas-a-Vidal-500x263.jpg 500w, https:\/\/www.elsindical.com.ar\/notas\/var\/www\/html\/notas\/wp-content\/uploads\/2016\/10\/amenazas-a-Vidal.jpg 680w\" sizes=\"auto, (max-width: 300px) 100vw, 300px\" \/><\/a>\u00a0 Llev\u00f3 a la C\u00e1mara Federal de Casaci\u00f3n Penal a pedir que \u00abse extremen las medidas de seguridad a fin del resguardo de las personas y los bienes\u00bb de los tribunales de Comodoro Py 2002.<\/em><\/p>\n<div id=\"txt_183707_6\" class=\"row\">\n<p>Un sospechoso incendio en los tribunales de San Mart\u00edn, donde se tramitan causas sensibles de narcotr\u00e1fico, gener\u00f3 dudas en el mundo judicial y llev\u00f3 a la C\u00e1mara Federal de Casaci\u00f3n Penal a pedir que \u00abse extremen las medidas de seguridad a fin del resguardo de las personas y los bienes\u00bb de los tribunales de Comodoro Py 2002.<br \/>\nEn una nota firmada por Juan Montesano, secretario judicial de la Casaci\u00f3n dirigida al Jefe a cargo de la Divisi\u00f3n Seguridad del edificio, el comisario Daniel Acosta, se solicit\u00f3 el refuerzo de la seguridad en los tribunales del barrio de Retiro, donde se investigan causas de narcotr\u00e1fico y hechos de corrupci\u00f3n.<br \/>\nTambi\u00e9n se le requiri\u00f3 a la Corte Suprema y a la C\u00e1mara Federal de Apelaciones de San Mart\u00edn que se conceda feria judicial y exenci\u00f3n de sorteos de causas hasta el pr\u00f3ximo 28 de octubre a ra\u00edz de este episodio.<\/p>\n<p>\u00abSe hace saber la preocupaci\u00f3n por los hechos acontecidos\u00bb, sostuvo Montesano en la misiva firmada hoy.<br \/>\nEn la madrugada de este jueves se desat\u00f3 un sospechoso incendio en el Tribunal Oral en lo Criminal Federal 3 de San Mart\u00edn, integrado por los jueces Elbio Osores y Germ\u00e1n Castelli, que funciona en la calle Yapey\u00fa al 1900.<br \/>\nSe sospecha que el fuego, que provoc\u00f3 severos da\u00f1os materiales, se habr\u00eda iniciado de manera intencional, y llam\u00f3 la atenci\u00f3n porque se trata de un juzgado que tiene custodia de la Gendarmer\u00eda Nacional durante las 24 horas.<\/p>\n<\/div>\n","protected":false},"excerpt":{"rendered":"<p>\u00a0 Llev\u00f3 a la C\u00e1mara Federal de Casaci\u00f3n Penal a pedir que \u00abse extremen las medidas de seguridad a fin del resguardo de las personas y los bienes\u00bb de los tribunales de Comodoro Py 2002. Un sospechoso incendio en los tribunales de San Mart\u00edn, donde se tramitan causas sensibles de narcotr\u00e1fico, gener\u00f3 dudas en el&hellip;<\/p>\n","protected":false},"author":1,"featured_media":0,"comment_status":"open","ping_status":"open","sticky":false,"template":"","format":"standard","meta":{"footnotes":""},"categories":[22],"tags":[331,1158,7265,820,1112],"class_list":["post-62775","post","type-post","status-publish","format-standard","hentry","category-policiales","tag-amenazas","tag-incendio","tag-maria-eugenia-vidal","tag-san-martin","tag-tribunales"],"_links":{"self":[{"href":"https:\/\/www.elsindical.com.ar\/notas\/wp-json\/wp\/v2\/posts\/62775","targetHints":{"allow":["GET"]}}],"collection":[{"href":"https:\/\/www.elsindical.com.ar\/notas\/wp-json\/wp\/v2\/posts"}],"about":[{"href":"https:\/\/www.elsindical.com.ar\/notas\/wp-json\/wp\/v2\/types\/post"}],"author":[{"embeddable":true,"href":"https:\/\/www.elsindical.com.ar\/notas\/wp-json\/wp\/v2\/users\/1"}],"replies":[{"embeddable":true,"href":"https:\/\/www.elsindical.com.ar\/notas\/wp-json\/wp\/v2\/comments?post=62775"}],"version-history":[{"count":1,"href":"https:\/\/www.elsindical.com.ar\/notas\/wp-json\/wp\/v2\/posts\/62775\/revisions"}],"predecessor-version":[{"id":62777,"href":"https:\/\/www.elsindical.com.ar\/notas\/wp-json\/wp\/v2\/posts\/62775\/revisions\/62777"}],"wp:attachment":[{"href":"https:\/\/www.elsindical.com.ar\/notas\/wp-json\/wp\/v2\/media?parent=62775"}],"wp:term":[{"taxonomy":"category","embeddable":true,"href":"https:\/\/www.elsindical.com.ar\/notas\/wp-json\/wp\/v2\/categories?post=62775"},{"taxonomy":"post_tag","embeddable":true,"href":"https:\/\/www.elsindical.com.ar\/notas\/wp-json\/wp\/v2\/tags?post=62775"}],"curies":[{"name":"wp","href":"https:\/\/api.w.org\/{rel}","templated":true}]}}