{"id":62695,"date":"2016-10-10T04:15:19","date_gmt":"2016-10-10T07:15:19","guid":{"rendered":"http:\/\/www.elsindical.com.ar\/notas\/?p=62695"},"modified":"2016-10-10T04:15:19","modified_gmt":"2016-10-10T07:15:19","slug":"policias-amedrentaron-a-punta-de-pistola-al-nene-de-micheli-mientras-jugaba-a-las-escondidas","status":"publish","type":"post","link":"https:\/\/www.elsindical.com.ar\/notas\/policias-amedrentaron-a-punta-de-pistola-al-nene-de-micheli-mientras-jugaba-a-las-escondidas\/","title":{"rendered":"Polic\u00edas amedrentaron a punta de pistola al nene de Micheli mientras jugaba a las escondidas"},"content":{"rendered":"<p><em>\u00a0<a href=\"http:\/\/www.elsindical.com.ar\/notas\/var\/www\/html\/notas\/wp-content\/uploads\/2010\/07\/Pablo-Micheli.jpg\"><img loading=\"lazy\" decoding=\"async\" class=\"alignnone size-full wp-image-8202\" src=\"http:\/\/www.elsindical.com.ar\/notas\/var\/www\/html\/notas\/wp-content\/uploads\/2010\/07\/Pablo-Micheli.jpg\" alt=\"Pablo-Micheli\" width=\"251\" height=\"195\" \/><\/a> As\u00ed lo inform\u00f3 indignad\u00edsimo el dirigente gremial de la CTA en su cuenta de Twitter, el episodio ocurri\u00f3 en el d\u00eda de ayer en la ciudad bonaerense de Jun\u00edn. \u00a0<\/em><\/p>\n<p>De acuerdo a lo denunciado por el gremialista a trav\u00e9s de su cuenta de Twitter,<strong>m\u00e1s de diez efectivos en cuatro patrulleros\u00a0hicieron poner contra la pared a ocho chicos de entre 11 y 12 a\u00f1os que jugaban a las escondidas frente a la casa del dirigente, y les apuntaron con sus armas.<\/strong><\/p>\n<p>Adem\u00e1s de elevar\u00a0el reclamo a la gobernadora Mar\u00eda Eugenia Vidal y a ministro de Seguridad de la Provincia, Cristian Ritondo, Micheli hizo respondable tambi\u00e9n al comisario local: <strong>\u00ab\u00bfEst\u00e1 loco el comisario de Jun\u00edn?\u00bb, se pregunt\u00f3<\/strong>.<\/p>\n","protected":false},"excerpt":{"rendered":"<p>\u00a0 As\u00ed lo inform\u00f3 indignad\u00edsimo el dirigente gremial de la CTA en su cuenta de Twitter, el episodio ocurri\u00f3 en el d\u00eda de ayer en la ciudad bonaerense de Jun\u00edn. \u00a0 De acuerdo a lo denunciado por el gremialista a trav\u00e9s de su cuenta de Twitter,m\u00e1s de diez efectivos en cuatro patrulleros\u00a0hicieron poner contra la&hellip;<\/p>\n","protected":false},"author":1,"featured_media":0,"comment_status":"open","ping_status":"open","sticky":false,"template":"","format":"standard","meta":{"footnotes":""},"categories":[6],"tags":[184,7748,4023,1624],"class_list":["post-62695","post","type-post","status-publish","format-standard","hentry","category-denuncias","tag-cta","tag-junin","tag-pablo-micheli","tag-twitter"],"_links":{"self":[{"href":"https:\/\/www.elsindical.com.ar\/notas\/wp-json\/wp\/v2\/posts\/62695","targetHints":{"allow":["GET"]}}],"collection":[{"href":"https:\/\/www.elsindical.com.ar\/notas\/wp-json\/wp\/v2\/posts"}],"about":[{"href":"https:\/\/www.elsindical.com.ar\/notas\/wp-json\/wp\/v2\/types\/post"}],"author":[{"embeddable":true,"href":"https:\/\/www.elsindical.com.ar\/notas\/wp-json\/wp\/v2\/users\/1"}],"replies":[{"embeddable":true,"href":"https:\/\/www.elsindical.com.ar\/notas\/wp-json\/wp\/v2\/comments?post=62695"}],"version-history":[{"count":1,"href":"https:\/\/www.elsindical.com.ar\/notas\/wp-json\/wp\/v2\/posts\/62695\/revisions"}],"predecessor-version":[{"id":62696,"href":"https:\/\/www.elsindical.com.ar\/notas\/wp-json\/wp\/v2\/posts\/62695\/revisions\/62696"}],"wp:attachment":[{"href":"https:\/\/www.elsindical.com.ar\/notas\/wp-json\/wp\/v2\/media?parent=62695"}],"wp:term":[{"taxonomy":"category","embeddable":true,"href":"https:\/\/www.elsindical.com.ar\/notas\/wp-json\/wp\/v2\/categories?post=62695"},{"taxonomy":"post_tag","embeddable":true,"href":"https:\/\/www.elsindical.com.ar\/notas\/wp-json\/wp\/v2\/tags?post=62695"}],"curies":[{"name":"wp","href":"https:\/\/api.w.org\/{rel}","templated":true}]}}