{"id":62639,"date":"2016-10-07T01:45:51","date_gmt":"2016-10-07T04:45:51","guid":{"rendered":"http:\/\/www.elsindical.com.ar\/notas\/?p=62639"},"modified":"2016-10-07T01:45:51","modified_gmt":"2016-10-07T04:45:51","slug":"daniela-cardone-sigue-provocando-a-los-52-anos","status":"publish","type":"post","link":"https:\/\/www.elsindical.com.ar\/notas\/daniela-cardone-sigue-provocando-a-los-52-anos\/","title":{"rendered":"Daniela Cardone sigue provocando a los 52 a\u00f1os"},"content":{"rendered":"<p><em><a href=\"http:\/\/www.elsindical.com.ar\/notas\/var\/www\/html\/notas\/wp-content\/uploads\/2016\/10\/Daniela-Cardone-04.jpg\"><img loading=\"lazy\" decoding=\"async\" class=\"alignnone size-medium wp-image-62640\" src=\"http:\/\/www.elsindical.com.ar\/notas\/var\/www\/html\/notas\/wp-content\/uploads\/2016\/10\/Daniela-Cardone-04-240x300.jpg\" alt=\"daniela-cardone-04\" width=\"240\" height=\"300\" srcset=\"https:\/\/www.elsindical.com.ar\/notas\/var\/www\/html\/notas\/wp-content\/uploads\/2016\/10\/Daniela-Cardone-04-240x300.jpg 240w, https:\/\/www.elsindical.com.ar\/notas\/var\/www\/html\/notas\/wp-content\/uploads\/2016\/10\/Daniela-Cardone-04.jpg 600w\" sizes=\"auto, (max-width: 240px) 100vw, 240px\" \/><\/a>\u00a0 Daniela Cardone lo hizo otra vez. Volvi\u00f3 a ser el comentario de las redes sociales luego de publicar nuevas fotos en un diminuto hilo dental.<\/em><\/p>\n<p>Desde hace un tiempo que la ex modelo viene seduciendo a sus seguidores. Primero comenz\u00f3 publicando im\u00e1genes sexies en las que mostraba sus tatuajes, despu\u00e9s sigui\u00f3 con microbikinis durante el verano y hasta lleg\u00f3 a compartir una foto en la que est\u00e1 totalmente desnuda.<\/p>\n<p>Esta vez, la ex modelo de 52 a\u00f1os jug\u00f3 con la c\u00e1mara y realiz\u00f3 distintas poses en las que deja ver su lomazo.<\/p>\n<p><a href=\"http:\/\/www.elsindical.com.ar\/notas\/var\/www\/html\/notas\/wp-content\/uploads\/2016\/10\/Daniela-Cardone-02.jpg\"><img loading=\"lazy\" decoding=\"async\" class=\"alignnone size-medium wp-image-62642\" src=\"http:\/\/www.elsindical.com.ar\/notas\/var\/www\/html\/notas\/wp-content\/uploads\/2016\/10\/Daniela-Cardone-02-269x300.jpg\" alt=\"daniela-cardone-02\" width=\"269\" height=\"300\" srcset=\"https:\/\/www.elsindical.com.ar\/notas\/var\/www\/html\/notas\/wp-content\/uploads\/2016\/10\/Daniela-Cardone-02-269x300.jpg 269w, https:\/\/www.elsindical.com.ar\/notas\/var\/www\/html\/notas\/wp-content\/uploads\/2016\/10\/Daniela-Cardone-02.jpg 600w\" sizes=\"auto, (max-width: 269px) 100vw, 269px\" \/><\/a> <a href=\"http:\/\/www.elsindical.com.ar\/notas\/var\/www\/html\/notas\/wp-content\/uploads\/2016\/10\/Daniela-Cardone-03.jpg\"><img loading=\"lazy\" decoding=\"async\" class=\"alignnone size-medium wp-image-62641\" src=\"http:\/\/www.elsindical.com.ar\/notas\/var\/www\/html\/notas\/wp-content\/uploads\/2016\/10\/Daniela-Cardone-03-300x295.jpg\" alt=\"daniela-cardone-03\" width=\"300\" height=\"295\" srcset=\"https:\/\/www.elsindical.com.ar\/notas\/var\/www\/html\/notas\/wp-content\/uploads\/2016\/10\/Daniela-Cardone-03-300x295.jpg 300w, https:\/\/www.elsindical.com.ar\/notas\/var\/www\/html\/notas\/wp-content\/uploads\/2016\/10\/Daniela-Cardone-03-305x300.jpg 305w, https:\/\/www.elsindical.com.ar\/notas\/var\/www\/html\/notas\/wp-content\/uploads\/2016\/10\/Daniela-Cardone-03.jpg 600w\" sizes=\"auto, (max-width: 300px) 100vw, 300px\" \/><\/a> <a href=\"http:\/\/www.elsindical.com.ar\/notas\/var\/www\/html\/notas\/wp-content\/uploads\/2016\/10\/Daniela-Cardone-01.jpg\"><img loading=\"lazy\" decoding=\"async\" class=\"alignnone size-medium wp-image-62643\" src=\"http:\/\/www.elsindical.com.ar\/notas\/var\/www\/html\/notas\/wp-content\/uploads\/2016\/10\/Daniela-Cardone-01-300x170.jpg\" alt=\"daniela-cardone-01\" width=\"300\" height=\"170\" srcset=\"https:\/\/www.elsindical.com.ar\/notas\/var\/www\/html\/notas\/wp-content\/uploads\/2016\/10\/Daniela-Cardone-01-300x170.jpg 300w, https:\/\/www.elsindical.com.ar\/notas\/var\/www\/html\/notas\/wp-content\/uploads\/2016\/10\/Daniela-Cardone-01-500x283.jpg 500w, https:\/\/www.elsindical.com.ar\/notas\/var\/www\/html\/notas\/wp-content\/uploads\/2016\/10\/Daniela-Cardone-01.jpg 630w\" sizes=\"auto, (max-width: 300px) 100vw, 300px\" \/><\/a><\/p>\n","protected":false},"excerpt":{"rendered":"<p>\u00a0 Daniela Cardone lo hizo otra vez. Volvi\u00f3 a ser el comentario de las redes sociales luego de publicar nuevas fotos en un diminuto hilo dental. Desde hace un tiempo que la ex modelo viene seduciendo a sus seguidores. Primero comenz\u00f3 publicando im\u00e1genes sexies en las que mostraba sus tatuajes, despu\u00e9s sigui\u00f3 con microbikinis durante&hellip;<\/p>\n","protected":false},"author":1,"featured_media":0,"comment_status":"open","ping_status":"open","sticky":false,"template":"","format":"standard","meta":{"footnotes":""},"categories":[15],"tags":[1096,24560,24559],"class_list":["post-62639","post","type-post","status-publish","format-standard","hentry","category-espectaculos","tag-cuerpo","tag-daniela-cardone","tag-hilo-dental"],"_links":{"self":[{"href":"https:\/\/www.elsindical.com.ar\/notas\/wp-json\/wp\/v2\/posts\/62639","targetHints":{"allow":["GET"]}}],"collection":[{"href":"https:\/\/www.elsindical.com.ar\/notas\/wp-json\/wp\/v2\/posts"}],"about":[{"href":"https:\/\/www.elsindical.com.ar\/notas\/wp-json\/wp\/v2\/types\/post"}],"author":[{"embeddable":true,"href":"https:\/\/www.elsindical.com.ar\/notas\/wp-json\/wp\/v2\/users\/1"}],"replies":[{"embeddable":true,"href":"https:\/\/www.elsindical.com.ar\/notas\/wp-json\/wp\/v2\/comments?post=62639"}],"version-history":[{"count":1,"href":"https:\/\/www.elsindical.com.ar\/notas\/wp-json\/wp\/v2\/posts\/62639\/revisions"}],"predecessor-version":[{"id":62644,"href":"https:\/\/www.elsindical.com.ar\/notas\/wp-json\/wp\/v2\/posts\/62639\/revisions\/62644"}],"wp:attachment":[{"href":"https:\/\/www.elsindical.com.ar\/notas\/wp-json\/wp\/v2\/media?parent=62639"}],"wp:term":[{"taxonomy":"category","embeddable":true,"href":"https:\/\/www.elsindical.com.ar\/notas\/wp-json\/wp\/v2\/categories?post=62639"},{"taxonomy":"post_tag","embeddable":true,"href":"https:\/\/www.elsindical.com.ar\/notas\/wp-json\/wp\/v2\/tags?post=62639"}],"curies":[{"name":"wp","href":"https:\/\/api.w.org\/{rel}","templated":true}]}}