{"id":62588,"date":"2016-10-05T18:49:37","date_gmt":"2016-10-05T21:49:37","guid":{"rendered":"http:\/\/www.elsindical.com.ar\/notas\/?p=62588"},"modified":"2016-10-05T18:49:37","modified_gmt":"2016-10-05T21:49:37","slug":"luego-de-que-larreta-presento-a-la-nueva-policia-de-la-ciudad-surgio-un-escandalo-con-el-helicoptero","status":"publish","type":"post","link":"https:\/\/www.elsindical.com.ar\/notas\/luego-de-que-larreta-presento-a-la-nueva-policia-de-la-ciudad-surgio-un-escandalo-con-el-helicoptero\/","title":{"rendered":"Luego de que Larreta present\u00f3 a la nueva Polic\u00eda de la Ciudad, surgi\u00f3 un esc\u00e1ndalo con el helic\u00f3ptero"},"content":{"rendered":"<p><em><a href=\"http:\/\/www.elsindical.com.ar\/notas\/var\/www\/html\/notas\/wp-content\/uploads\/2016\/10\/Polic\u00eda-de-la-Ciudad-presentaci\u00f3n.jpg\"><img loading=\"lazy\" decoding=\"async\" class=\"alignnone size-medium wp-image-62589\" src=\"http:\/\/www.elsindical.com.ar\/notas\/var\/www\/html\/notas\/wp-content\/uploads\/2016\/10\/Polic\u00eda-de-la-Ciudad-presentaci\u00f3n-300x169.jpg\" alt=\"policia-de-la-ciudad-presentacion\" width=\"300\" height=\"169\" srcset=\"https:\/\/www.elsindical.com.ar\/notas\/var\/www\/html\/notas\/wp-content\/uploads\/2016\/10\/Polic\u00eda-de-la-Ciudad-presentaci\u00f3n-300x169.jpg 300w, https:\/\/www.elsindical.com.ar\/notas\/var\/www\/html\/notas\/wp-content\/uploads\/2016\/10\/Polic\u00eda-de-la-Ciudad-presentaci\u00f3n-500x282.jpg 500w, https:\/\/www.elsindical.com.ar\/notas\/var\/www\/html\/notas\/wp-content\/uploads\/2016\/10\/Polic\u00eda-de-la-Ciudad-presentaci\u00f3n.jpg 620w\" sizes=\"auto, (max-width: 300px) 100vw, 300px\" \/><\/a>\u00a0\u00a0 Luego de que el Jefe de Gobierno Porte\u00f1o Horacio Rodr\u00edguez Larreta presentara en sociedad a la nueva Polic\u00eda de la Ciudad, acto en el que prometi\u00f3 tolerancia 0 para la corrupci\u00f3n, surgi\u00f3 un esc\u00e1ndalo con el helic\u00f3ptero que form\u00f3 parte de las im\u00e1genes de publicidad y del acto.<\/em><\/p>\n<p>Seg\u00fan un video que circula por las redes sociales, el helic\u00f3ptero ploteado con el color y el escudo de la Polic\u00eda de la Ciudad, ser\u00eda en realidad un helic\u00f3ptero sanitario de la flota del SAME, el cual fue maquillado para la presentaci\u00f3n y luego se le volvi\u00f3 a retirar el ploteo. Este tipo de maniobras medi\u00e1ticas del PRO ya no sorprenden pero suman indignaci\u00f3n de quienes sienten que se toma por idiotas a los ciudadanos. Hace pocos d\u00edas la pol\u00e9mica surgi\u00f3 con la simulaci\u00f3n del viaje en colectivo del presidente Mauricio Macri.<\/p>\n<p>Rodr\u00edguez Larreta dio detalles de c\u00f3mo funcionar\u00e1 la nueva fuerza, producto del traspaso de parte de la Polic\u00eda Federal al \u00e1mbito de la Capital, y prometi\u00f3 que habr\u00e1 \u00abtolerancia cero para casos de corrupci\u00f3n\u00bb.<\/p>\n<p>Si bien el proyecto de Ley Integral de Seguridad P\u00fablica, que incluye la creaci\u00f3n de esta fuerza, todav\u00eda no fue aprobado, el gobierno porte\u00f1o dio a conocer la mec\u00e1nica de la polic\u00eda porte\u00f1a. \u00abEs una transformaci\u00f3n muy profunda. Es hist\u00f3rica\u00bb, indic\u00f3 Rodr\u00edguez Larreta en el Instituto Superior de Seguridad P\u00fablica, en Soldati.<\/p>\n<p>La nueva fuerza contar\u00e1 con alrededor de 23 mil hombres. En este marco, el jefe de Gobierno destac\u00f3: \u00abSe distinguir\u00e1 por su formaci\u00f3n, entrenamiento y avanzado equipamiento tecnol\u00f3gico\u00bb.<\/p>\n<p>El jefe de gobierno porte\u00f1o explic\u00f3 que la nueva Polic\u00eda de la Ciudad de Buenos Aires podr\u00e1 tener un \u00abjefe civil\u00bb, aunque aclar\u00f3 que esa designaci\u00f3n ser\u00e1 decidida cuando est\u00e9 aprobada en la Legislatura la ley de su creaci\u00f3n.<\/p>\n<p>La idea del mandatario es priorizar el \u00abcontrol civil\u00bb de la nueva fuerza desde el ministerio de Justicia y Seguridad, con el manejo de los servicios \u00abadicionales\u00bb, la capacitaci\u00f3n de los efectivos en el Instituto Superior de Seguridad P\u00fablica con rango universitario y una oficina de \u00abTransparencia\u00bb independiente que reemplace a \u00abAsuntos Internos\u00bb policial.<\/p>\n<p>\u00abSeg\u00fan la ley, es posible que el jefe de la Polic\u00eda sea un civil pero todav\u00eda no est\u00e1 decidido\u00bb, dijo Rodr\u00edguez Larreta durante un encuentro con la prensa en el que participaron el ministro de Justicia y Seguridad, Mart\u00edn Ocampo; el jefe de Gabinete, Felipe Miguel; y el secretario de Seguridad, Marcelo D&#8217;Alessandro.<\/p>\n<p>El jefe de gobierno asegur\u00f3 que el proyecto de Ley Integral de Seguridad P\u00fablica ser\u00e1 enviado hoy mismo y el viernes Ocampo estar\u00e1 en la legislatura defendiendo la iniciativa. El oficialismo necesitar\u00e1 31 votos para que sea aprobado y permita el funcionamiento de la nueva Polic\u00eda de la Ciudad.<\/p>\n<p>\u00abTengo el honor de anunciar la creaci\u00f3n de la Polic\u00eda de la Ciudad de Buenos Aires que surge de la uni\u00f3n de la Polic\u00eda Metropolitana con la parte de la Federal que fue transferida a la ciudad\u00bb, expres\u00f3 el jefe de gobierno, quien aclar\u00f3 que \u00aben realidad va a nacer cuando se vote la Ley\u00bb.<\/p>\n<p>El ex jefe de Gabinete durante los dos mandatos del presidente Mauricio Macri en la jefatura de Gobierno cont\u00f3 que ya fueron traspasados 18.400 polic\u00edas federales y que est\u00e1 previsto traspasar 1.100 el 31 de diciembre de este a\u00f1o.<\/p>\n<p>\u00abLa propuesta de seguridad contempla que los polic\u00edas se concentren en ser polic\u00edas y no tengan que cumplir tareas administrativas, de manejo de recursos humanos, incluso la auditor\u00eda interna ser\u00e1 parte del ministerio (de Seguridad) pero con un sistema de independencia t\u00e9cnica\u00bb, afirm\u00f3.<\/p>\n<p>En este sentido, aclar\u00f3 que se mejorar\u00e1n las condiciones laborales de todos los que conformen la nueva Polic\u00eda. \u00abEs imprescindible realizar esta reforma para mejorar la seguridad de los ciudadanos. El objetivo es que la gente recupere la confianza y el orgullo en la polic\u00eda\u00bb, agreg\u00f3 en declaraciones a Radio Mitre.<\/p>\n<p>La nueva fuerza fue presentada hoy en el Instituto Superior de Seguridad P\u00fablica, ubicado en avenida Santiago de Compostela 3801 del barrio Parque Avellaneda.<\/p>\n<p><iframe loading=\"lazy\" src=\"https:\/\/www.youtube.com\/embed\/spS5NdF_ZOc\" width=\"580\" height=\"420\" frameborder=\"0\" allowfullscreen=\"allowfullscreen\"><\/iframe><\/p>\n","protected":false},"excerpt":{"rendered":"<p>\u00a0\u00a0 Luego de que el Jefe de Gobierno Porte\u00f1o Horacio Rodr\u00edguez Larreta presentara en sociedad a la nueva Polic\u00eda de la Ciudad, acto en el que prometi\u00f3 tolerancia 0 para la corrupci\u00f3n, surgi\u00f3 un esc\u00e1ndalo con el helic\u00f3ptero que form\u00f3 parte de las im\u00e1genes de publicidad y del acto. Seg\u00fan un video que circula por&hellip;<\/p>\n","protected":false},"author":1,"featured_media":0,"comment_status":"open","ping_status":"open","sticky":false,"template":"","format":"standard","meta":{"footnotes":""},"categories":[13],"tags":[1451,175,1206,1943,449,24543,24537,2499],"class_list":["post-62588","post","type-post","status-publish","format-standard","hentry","category-politica","tag-corrupcion","tag-denuncia","tag-helicoptero","tag-horacio-rodriguez-larreta","tag-legislatura","tag-ploteo","tag-policia-de-la-ciudad","tag-same"],"_links":{"self":[{"href":"https:\/\/www.elsindical.com.ar\/notas\/wp-json\/wp\/v2\/posts\/62588","targetHints":{"allow":["GET"]}}],"collection":[{"href":"https:\/\/www.elsindical.com.ar\/notas\/wp-json\/wp\/v2\/posts"}],"about":[{"href":"https:\/\/www.elsindical.com.ar\/notas\/wp-json\/wp\/v2\/types\/post"}],"author":[{"embeddable":true,"href":"https:\/\/www.elsindical.com.ar\/notas\/wp-json\/wp\/v2\/users\/1"}],"replies":[{"embeddable":true,"href":"https:\/\/www.elsindical.com.ar\/notas\/wp-json\/wp\/v2\/comments?post=62588"}],"version-history":[{"count":1,"href":"https:\/\/www.elsindical.com.ar\/notas\/wp-json\/wp\/v2\/posts\/62588\/revisions"}],"predecessor-version":[{"id":62590,"href":"https:\/\/www.elsindical.com.ar\/notas\/wp-json\/wp\/v2\/posts\/62588\/revisions\/62590"}],"wp:attachment":[{"href":"https:\/\/www.elsindical.com.ar\/notas\/wp-json\/wp\/v2\/media?parent=62588"}],"wp:term":[{"taxonomy":"category","embeddable":true,"href":"https:\/\/www.elsindical.com.ar\/notas\/wp-json\/wp\/v2\/categories?post=62588"},{"taxonomy":"post_tag","embeddable":true,"href":"https:\/\/www.elsindical.com.ar\/notas\/wp-json\/wp\/v2\/tags?post=62588"}],"curies":[{"name":"wp","href":"https:\/\/api.w.org\/{rel}","templated":true}]}}