{"id":62541,"date":"2016-10-03T09:30:44","date_gmt":"2016-10-03T12:30:44","guid":{"rendered":"http:\/\/www.elsindical.com.ar\/notas\/?p=62541"},"modified":"2016-10-03T09:30:44","modified_gmt":"2016-10-03T12:30:44","slug":"margarita-barrientos-hay-mas-pobres-que-nunca","status":"publish","type":"post","link":"https:\/\/www.elsindical.com.ar\/notas\/margarita-barrientos-hay-mas-pobres-que-nunca\/","title":{"rendered":"Margarita Barrientos: \u00abHay m\u00e1s pobres que nunca\u00bb"},"content":{"rendered":"<p><em>\u00a0<a href=\"http:\/\/www.elsindical.com.ar\/notas\/var\/www\/html\/notas\/wp-content\/uploads\/2016\/10\/Margarita-Barrientos-y-Mauricio-Macri.jpg\"><img loading=\"lazy\" decoding=\"async\" class=\"alignnone size-medium wp-image-62542\" src=\"http:\/\/www.elsindical.com.ar\/notas\/var\/www\/html\/notas\/wp-content\/uploads\/2016\/10\/Margarita-Barrientos-y-Mauricio-Macri-300x158.jpg\" alt=\"margarita-barrientos-y-mauricio-macri\" width=\"300\" height=\"158\" srcset=\"https:\/\/www.elsindical.com.ar\/notas\/var\/www\/html\/notas\/wp-content\/uploads\/2016\/10\/Margarita-Barrientos-y-Mauricio-Macri-300x158.jpg 300w, https:\/\/www.elsindical.com.ar\/notas\/var\/www\/html\/notas\/wp-content\/uploads\/2016\/10\/Margarita-Barrientos-y-Mauricio-Macri-500x263.jpg 500w, https:\/\/www.elsindical.com.ar\/notas\/var\/www\/html\/notas\/wp-content\/uploads\/2016\/10\/Margarita-Barrientos-y-Mauricio-Macri.jpg 680w\" sizes=\"auto, (max-width: 300px) 100vw, 300px\" \/><\/a> La fundadora del comedor Los\u00a0Piletones\u00a0pidi\u00f3 una pronta \u00abreacci\u00f3n\u00bb\u00a0por parte de la administraci\u00f3n\u00a0de <strong>Mauricio Macri<\/strong> y reclam\u00f3 m\u00e1s puestos de trabajo para la gente.<\/em><\/p>\n<p>Tras conocerse las cifras del INDEC, con respecto a los indices de pobreza, <strong>Margarita Barrientos<\/strong> realiz\u00f3 declaraciones al respecto, en Radio del Plata, donde consider\u00f3 que <em>\u201cse nota el aumento de la pobreza, pero no lo notamos desde ahora sino hace mucho tiempo\u201d<\/em>.<\/p>\n<p><em>\u201cHace a\u00f1os la pobreza ha aumentado, \u00a0cuando se dice \u201cse ha reducido la pobreza\u201d no es cierto porque \u00a0hoy hay m\u00e1s pobres que nunca\u201d<\/em> en Argentina sostuvo.<\/p>\n<p>Mas tarde solicit\u00f3: <em>\u201cLo \u00fanico que pido son puestos de trabajo para la gente, as\u00ed \u00a0dejan de vivir de los planes sociales, de devolverle el voto a \u00a0los pol\u00edticos. Eso es lo que va a sacar el pa\u00eds adelante\u201d<\/em>, y agreg\u00f3 que <em>\u201cse puede decir que la pobreza aument\u00f3 en estos nueve meses \u00a0por muchas obras que se cerraron. Al no haber trabajo, la pobreza \u00a0se agudiza\u201d.<\/em><\/p>\n<p><em>\u201cSi se tiene trabajo, no se va a tener tiempo de pensar en \u00a0salir a robar para darme un disgusto\u201d<\/em>, analiz\u00f3 y destac\u00f3 que <em>\u201cen \u00a0la villa se ven muchas mejoras, pero tienen que ser en general y \u00a0no en ciertos lugares\u201d<\/em>.<\/p>\n<p><em>\u201cEn este momento, es imposible levantar los planes sociales \u00a0pero en alg\u00fan momento se tiene que hacer porque la gente tiene \u00a0que aprender la cultura del trabajo\u201d<\/em>, enfatiz\u00f3.<\/p>\n<p>Barrientos Advirti\u00f3 que <em>\u201ces sabido que en cuatro a\u00f1os no se va a bajar la pobreza, sino que va a llevar much\u00edsimos a\u00f1os\u201d<\/em> de todas formas <em>\u201cesto pide urgentemente una reacci\u00f3n del \u00a0Gobierno y de mucha gente que est\u00e1 a su alrededor\u201d<\/em> y <em>\u201cespero que con las medidas que est\u00e1 tomando el \u00a0gobierno baje la pobreza\u201d<\/em>.<\/p>\n<p><em>\u201cSe han hecho algunas cosas, pero para reducir la pobreza, lo \u00a0m\u00e1s importante es abrir trabajo, que las obras se pongan en pie. Eso ser\u00eda reducir un poco la pobreza, pero falta mucho\u201d<\/em>, \u00a0puntualiz\u00f3<\/p>\n<p><em>\u201cOjal\u00e1 que los gobiernos que vengan puedan trabajar por el \u00a0hambre de la gente. No tenemos que hacer una bandera de pobreza \u00a0porque la gente quiere saber y en estos \u00faltimos a\u00f1os nos han \u00a0mentido tanto\u201d<\/em>, se quej\u00f3.<\/p>\n<p>Por ultimo, se\u00f1al\u00f3: <em>\u201cHay que dar una educaci\u00f3n respecto de \u00a0que el trabajo es bueno para la familia, creo que no habr\u00eda tanta \u00a0delincuencia si los chicos tuvieran trabajo\u201d<\/em>.<\/p>\n","protected":false},"excerpt":{"rendered":"<p>\u00a0 La fundadora del comedor Los\u00a0Piletones\u00a0pidi\u00f3 una pronta \u00abreacci\u00f3n\u00bb\u00a0por parte de la administraci\u00f3n\u00a0de Mauricio Macri y reclam\u00f3 m\u00e1s puestos de trabajo para la gente. Tras conocerse las cifras del INDEC, con respecto a los indices de pobreza, Margarita Barrientos realiz\u00f3 declaraciones al respecto, en Radio del Plata, donde consider\u00f3 que \u201cse nota el aumento de&hellip;<\/p>\n","protected":false},"author":1,"featured_media":0,"comment_status":"open","ping_status":"open","sticky":false,"template":"","format":"standard","meta":{"footnotes":""},"categories":[25],"tags":[761,2200,24528,76,801,1453],"class_list":["post-62541","post","type-post","status-publish","format-standard","hentry","category-sociedad","tag-gobierno-nacional","tag-indec","tag-margarita-barrientos","tag-mauricio-macri","tag-pobres","tag-politicos"],"_links":{"self":[{"href":"https:\/\/www.elsindical.com.ar\/notas\/wp-json\/wp\/v2\/posts\/62541","targetHints":{"allow":["GET"]}}],"collection":[{"href":"https:\/\/www.elsindical.com.ar\/notas\/wp-json\/wp\/v2\/posts"}],"about":[{"href":"https:\/\/www.elsindical.com.ar\/notas\/wp-json\/wp\/v2\/types\/post"}],"author":[{"embeddable":true,"href":"https:\/\/www.elsindical.com.ar\/notas\/wp-json\/wp\/v2\/users\/1"}],"replies":[{"embeddable":true,"href":"https:\/\/www.elsindical.com.ar\/notas\/wp-json\/wp\/v2\/comments?post=62541"}],"version-history":[{"count":1,"href":"https:\/\/www.elsindical.com.ar\/notas\/wp-json\/wp\/v2\/posts\/62541\/revisions"}],"predecessor-version":[{"id":62543,"href":"https:\/\/www.elsindical.com.ar\/notas\/wp-json\/wp\/v2\/posts\/62541\/revisions\/62543"}],"wp:attachment":[{"href":"https:\/\/www.elsindical.com.ar\/notas\/wp-json\/wp\/v2\/media?parent=62541"}],"wp:term":[{"taxonomy":"category","embeddable":true,"href":"https:\/\/www.elsindical.com.ar\/notas\/wp-json\/wp\/v2\/categories?post=62541"},{"taxonomy":"post_tag","embeddable":true,"href":"https:\/\/www.elsindical.com.ar\/notas\/wp-json\/wp\/v2\/tags?post=62541"}],"curies":[{"name":"wp","href":"https:\/\/api.w.org\/{rel}","templated":true}]}}