{"id":62517,"date":"2016-10-02T11:09:37","date_gmt":"2016-10-02T14:09:37","guid":{"rendered":"http:\/\/www.elsindical.com.ar\/notas\/?p=62517"},"modified":"2016-10-02T11:09:37","modified_gmt":"2016-10-02T14:09:37","slug":"constitucion-cayo-una-banda-narco-que-tenia-un-arsenal-de-guerra","status":"publish","type":"post","link":"https:\/\/www.elsindical.com.ar\/notas\/constitucion-cayo-una-banda-narco-que-tenia-un-arsenal-de-guerra\/","title":{"rendered":"Constituci\u00f3n: cay\u00f3 una banda narco que ten\u00eda un arsenal de guerra"},"content":{"rendered":"<p><em> <a href=\"http:\/\/www.elsindical.com.ar\/notas\/var\/www\/html\/notas\/wp-content\/uploads\/2016\/10\/armas-allanamiento-Constituci\u00f3n-01.jpg\"><img loading=\"lazy\" decoding=\"async\" class=\"alignnone size-medium wp-image-62520\" src=\"http:\/\/www.elsindical.com.ar\/notas\/var\/www\/html\/notas\/wp-content\/uploads\/2016\/10\/armas-allanamiento-Constituci\u00f3n-01-300x169.jpg\" alt=\"armas-allanamiento-constitucion-01\" width=\"300\" height=\"169\" srcset=\"https:\/\/www.elsindical.com.ar\/notas\/var\/www\/html\/notas\/wp-content\/uploads\/2016\/10\/armas-allanamiento-Constituci\u00f3n-01-300x169.jpg 300w, https:\/\/www.elsindical.com.ar\/notas\/var\/www\/html\/notas\/wp-content\/uploads\/2016\/10\/armas-allanamiento-Constituci\u00f3n-01-500x281.jpg 500w, https:\/\/www.elsindical.com.ar\/notas\/var\/www\/html\/notas\/wp-content\/uploads\/2016\/10\/armas-allanamiento-Constituci\u00f3n-01.jpg 600w\" sizes=\"auto, (max-width: 300px) 100vw, 300px\" \/><\/a>\u00a0 Los cuatro detenidos por la Federal ten\u00edan un fusil autom\u00e1tico, tres ametralladoras Halc\u00f3n y siete pistolas de pu\u00f1o semiautom\u00e1ticas, entre otras armas.<\/em><\/p>\n<p>Cuatro narcotrafiantes fueron <strong>detenidos en Constituci\u00f3n<\/strong>, durante un allanamiento de la Polic\u00eda Federal en el que se secuestraron<strong> al menos 80 armas de guerra<\/strong> que eran cambiadas por drogas. Entre ellas hab\u00eda un fusil autom\u00e1tico pesado (Fap), tres <strong>ametralladoras Halc\u00f3n<\/strong> y siete <strong>pistolas de pu\u00f1o semiautom\u00e1ticas.<\/strong><\/p>\n<p>De acuerdo a fuentes policiales, el operativo estuvo a cargo del juez federal Sergio Torres y efectivos de la<strong> Divisi\u00f3n Drogas Peligrosas<\/strong>, quienes precisaron que adem\u00e1s de <strong>armamento de guerra, se incaut\u00f3 coca\u00edna y marihuana.<\/strong><\/p>\n<p>En el informe se detall\u00f3 que la mayor\u00eda de las armas eran de procedencia extranjera, tales como <strong>Kaleshnikov y High Standar. E<\/strong>n tanto, el juez Torres orden\u00f3 allanamientos en varios domicilios de Capital y Provincia: en <strong>Villa Lugano, Constituci\u00f3n y las localidades de San Fernando y Mart\u00ednez.<\/strong><\/p>\n<p><a href=\"http:\/\/www.elsindical.com.ar\/notas\/var\/www\/html\/notas\/wp-content\/uploads\/2016\/10\/armas-allanamiento-Constituci\u00f3n-02.jpg\"><img loading=\"lazy\" decoding=\"async\" class=\"alignnone size-medium wp-image-62519\" src=\"http:\/\/www.elsindical.com.ar\/notas\/var\/www\/html\/notas\/wp-content\/uploads\/2016\/10\/armas-allanamiento-Constituci\u00f3n-02-300x169.jpg\" alt=\"armas-allanamiento-constitucion-02\" width=\"300\" height=\"169\" srcset=\"https:\/\/www.elsindical.com.ar\/notas\/var\/www\/html\/notas\/wp-content\/uploads\/2016\/10\/armas-allanamiento-Constituci\u00f3n-02-300x169.jpg 300w, https:\/\/www.elsindical.com.ar\/notas\/var\/www\/html\/notas\/wp-content\/uploads\/2016\/10\/armas-allanamiento-Constituci\u00f3n-02-500x281.jpg 500w, https:\/\/www.elsindical.com.ar\/notas\/var\/www\/html\/notas\/wp-content\/uploads\/2016\/10\/armas-allanamiento-Constituci\u00f3n-02.jpg 600w\" sizes=\"auto, (max-width: 300px) 100vw, 300px\" \/><\/a> <a href=\"http:\/\/www.elsindical.com.ar\/notas\/var\/www\/html\/notas\/wp-content\/uploads\/2016\/10\/armas-allanamiento-Constituci\u00f3n-03.jpg\"><img loading=\"lazy\" decoding=\"async\" class=\"alignnone size-medium wp-image-62518\" src=\"http:\/\/www.elsindical.com.ar\/notas\/var\/www\/html\/notas\/wp-content\/uploads\/2016\/10\/armas-allanamiento-Constituci\u00f3n-03-300x169.jpg\" alt=\"armas-allanamiento-constitucion-03\" width=\"300\" height=\"169\" srcset=\"https:\/\/www.elsindical.com.ar\/notas\/var\/www\/html\/notas\/wp-content\/uploads\/2016\/10\/armas-allanamiento-Constituci\u00f3n-03-300x169.jpg 300w, https:\/\/www.elsindical.com.ar\/notas\/var\/www\/html\/notas\/wp-content\/uploads\/2016\/10\/armas-allanamiento-Constituci\u00f3n-03-500x281.jpg 500w, https:\/\/www.elsindical.com.ar\/notas\/var\/www\/html\/notas\/wp-content\/uploads\/2016\/10\/armas-allanamiento-Constituci\u00f3n-03.jpg 600w\" sizes=\"auto, (max-width: 300px) 100vw, 300px\" \/><\/a><\/p>\n<p>&nbsp;<\/p>\n","protected":false},"excerpt":{"rendered":"<p>\u00a0 Los cuatro detenidos por la Federal ten\u00edan un fusil autom\u00e1tico, tres ametralladoras Halc\u00f3n y siete pistolas de pu\u00f1o semiautom\u00e1ticas, entre otras armas. Cuatro narcotrafiantes fueron detenidos en Constituci\u00f3n, durante un allanamiento de la Polic\u00eda Federal en el que se secuestraron al menos 80 armas de guerra que eran cambiadas por drogas. Entre ellas hab\u00eda&hellip;<\/p>\n","protected":false},"author":1,"featured_media":0,"comment_status":"open","ping_status":"open","sticky":false,"template":"","format":"standard","meta":{"footnotes":""},"categories":[22],"tags":[493,5348,2789,324,382,698,1688],"class_list":["post-62517","post","type-post","status-publish","format-standard","hentry","category-policiales","tag-allanamientos","tag-ametralladoras","tag-armas-de-guerra","tag-constitucion","tag-drogas","tag-pfa","tag-pistolas"],"_links":{"self":[{"href":"https:\/\/www.elsindical.com.ar\/notas\/wp-json\/wp\/v2\/posts\/62517","targetHints":{"allow":["GET"]}}],"collection":[{"href":"https:\/\/www.elsindical.com.ar\/notas\/wp-json\/wp\/v2\/posts"}],"about":[{"href":"https:\/\/www.elsindical.com.ar\/notas\/wp-json\/wp\/v2\/types\/post"}],"author":[{"embeddable":true,"href":"https:\/\/www.elsindical.com.ar\/notas\/wp-json\/wp\/v2\/users\/1"}],"replies":[{"embeddable":true,"href":"https:\/\/www.elsindical.com.ar\/notas\/wp-json\/wp\/v2\/comments?post=62517"}],"version-history":[{"count":1,"href":"https:\/\/www.elsindical.com.ar\/notas\/wp-json\/wp\/v2\/posts\/62517\/revisions"}],"predecessor-version":[{"id":62521,"href":"https:\/\/www.elsindical.com.ar\/notas\/wp-json\/wp\/v2\/posts\/62517\/revisions\/62521"}],"wp:attachment":[{"href":"https:\/\/www.elsindical.com.ar\/notas\/wp-json\/wp\/v2\/media?parent=62517"}],"wp:term":[{"taxonomy":"category","embeddable":true,"href":"https:\/\/www.elsindical.com.ar\/notas\/wp-json\/wp\/v2\/categories?post=62517"},{"taxonomy":"post_tag","embeddable":true,"href":"https:\/\/www.elsindical.com.ar\/notas\/wp-json\/wp\/v2\/tags?post=62517"}],"curies":[{"name":"wp","href":"https:\/\/api.w.org\/{rel}","templated":true}]}}