{"id":62514,"date":"2016-10-02T10:48:58","date_gmt":"2016-10-02T13:48:58","guid":{"rendered":"http:\/\/www.elsindical.com.ar\/notas\/?p=62514"},"modified":"2016-10-02T10:48:58","modified_gmt":"2016-10-02T13:48:58","slug":"griselda-siciliani-provoca-en-las-redes-sociales","status":"publish","type":"post","link":"https:\/\/www.elsindical.com.ar\/notas\/griselda-siciliani-provoca-en-las-redes-sociales\/","title":{"rendered":"Griselda Siciliani provoca en las redes sociales"},"content":{"rendered":"<p><em><a href=\"http:\/\/www.elsindical.com.ar\/notas\/var\/www\/html\/notas\/wp-content\/uploads\/2016\/10\/Griselda-Siciliani-body.jpg\"><img loading=\"lazy\" decoding=\"async\" class=\"alignnone size-medium wp-image-62515\" src=\"http:\/\/www.elsindical.com.ar\/notas\/var\/www\/html\/notas\/wp-content\/uploads\/2016\/10\/Griselda-Siciliani-body-294x300.jpg\" alt=\"griselda-siciliani-body\" width=\"294\" height=\"300\" srcset=\"https:\/\/www.elsindical.com.ar\/notas\/var\/www\/html\/notas\/wp-content\/uploads\/2016\/10\/Griselda-Siciliani-body-294x300.jpg 294w, https:\/\/www.elsindical.com.ar\/notas\/var\/www\/html\/notas\/wp-content\/uploads\/2016\/10\/Griselda-Siciliani-body.jpg 738w\" sizes=\"auto, (max-width: 294px) 100vw, 294px\" \/><\/a>\u00a0 A d\u00edas de que se confirme la separaci\u00f3n de Adri\u00e1n Suar, la actriz en medio de los rumores que la vinculaban con su compa\u00f1ero de Educando a Nina, la actriz public\u00f3 una imagen en donde se la ve con un body, luciendo su impactante lomo.<\/em><\/p>\n<p>\u00abTranqui, con mi body\u00bb, escribi\u00f3 la ex del Chueco.<\/p>\n","protected":false},"excerpt":{"rendered":"<p>\u00a0 A d\u00edas de que se confirme la separaci\u00f3n de Adri\u00e1n Suar, la actriz en medio de los rumores que la vinculaban con su compa\u00f1ero de Educando a Nina, la actriz public\u00f3 una imagen en donde se la ve con un body, luciendo su impactante lomo. \u00abTranqui, con mi body\u00bb, escribi\u00f3 la ex del Chueco.<\/p>\n","protected":false},"author":1,"featured_media":0,"comment_status":"open","ping_status":"open","sticky":false,"template":"","format":"standard","meta":{"footnotes":""},"categories":[15],"tags":[4942,24525,1096,22669,2605],"class_list":["post-62514","post","type-post","status-publish","format-standard","hentry","category-espectaculos","tag-adrian-suar","tag-body","tag-cuerpo","tag-griselda-siciliani","tag-redes-sociales"],"_links":{"self":[{"href":"https:\/\/www.elsindical.com.ar\/notas\/wp-json\/wp\/v2\/posts\/62514","targetHints":{"allow":["GET"]}}],"collection":[{"href":"https:\/\/www.elsindical.com.ar\/notas\/wp-json\/wp\/v2\/posts"}],"about":[{"href":"https:\/\/www.elsindical.com.ar\/notas\/wp-json\/wp\/v2\/types\/post"}],"author":[{"embeddable":true,"href":"https:\/\/www.elsindical.com.ar\/notas\/wp-json\/wp\/v2\/users\/1"}],"replies":[{"embeddable":true,"href":"https:\/\/www.elsindical.com.ar\/notas\/wp-json\/wp\/v2\/comments?post=62514"}],"version-history":[{"count":1,"href":"https:\/\/www.elsindical.com.ar\/notas\/wp-json\/wp\/v2\/posts\/62514\/revisions"}],"predecessor-version":[{"id":62516,"href":"https:\/\/www.elsindical.com.ar\/notas\/wp-json\/wp\/v2\/posts\/62514\/revisions\/62516"}],"wp:attachment":[{"href":"https:\/\/www.elsindical.com.ar\/notas\/wp-json\/wp\/v2\/media?parent=62514"}],"wp:term":[{"taxonomy":"category","embeddable":true,"href":"https:\/\/www.elsindical.com.ar\/notas\/wp-json\/wp\/v2\/categories?post=62514"},{"taxonomy":"post_tag","embeddable":true,"href":"https:\/\/www.elsindical.com.ar\/notas\/wp-json\/wp\/v2\/tags?post=62514"}],"curies":[{"name":"wp","href":"https:\/\/api.w.org\/{rel}","templated":true}]}}