{"id":62494,"date":"2016-10-01T21:12:00","date_gmt":"2016-10-02T00:12:00","guid":{"rendered":"http:\/\/www.elsindical.com.ar\/notas\/?p=62494"},"modified":"2016-10-01T21:12:00","modified_gmt":"2016-10-02T00:12:00","slug":"el-5-de-octubre-marcharan-contra-el-traspaso-de-la-policia-federal-argentina","status":"publish","type":"post","link":"https:\/\/www.elsindical.com.ar\/notas\/el-5-de-octubre-marcharan-contra-el-traspaso-de-la-policia-federal-argentina\/","title":{"rendered":"El 5 de octubre marchar\u00e1n contra el traspaso de la Polic\u00eda Federal Argentina"},"content":{"rendered":"<p><em> <a href=\"http:\/\/www.elsindical.com.ar\/notas\/var\/www\/html\/notas\/wp-content\/uploads\/2011\/07\/efectivos-PFA.jpg\"><img loading=\"lazy\" decoding=\"async\" class=\"alignnone size-medium wp-image-15615\" src=\"http:\/\/www.elsindical.com.ar\/notas\/var\/www\/html\/notas\/wp-content\/uploads\/2011\/07\/efectivos-PFA-300x209.jpg\" alt=\"efectivos-PFA\" width=\"300\" height=\"209\" srcset=\"https:\/\/www.elsindical.com.ar\/notas\/var\/www\/html\/notas\/wp-content\/uploads\/2011\/07\/efectivos-PFA-300x209.jpg 300w, https:\/\/www.elsindical.com.ar\/notas\/var\/www\/html\/notas\/wp-content\/uploads\/2011\/07\/efectivos-PFA.jpg 325w\" sizes=\"auto, (max-width: 300px) 100vw, 300px\" \/><\/a>Varias Asociaciones vecinales, familiares de Polic\u00edas Federales, retirados , polic\u00edas convocados, llaman para el d\u00eda 5 de octubre, a una movilizaci\u00f3n contra el traspaso de los Federales al Gobierno de la Ciudad.<\/em><\/p>\n<p>El d\u00eda 5 de Octubre del 2016, a las 12:30 hs marcharan junto a familiares de Polic\u00edas Federales retirados y en actividad, con vecinos de La Ciudad, las Asociaciones de Vecinos Amigos de las Comisar\u00edas y de La PFA, y todo aquel compa\u00f1ero retirado, convocado y en actividad de la PFA, desde la puerta del Departamento Central de la Polic\u00eda Federal Argentina, sobre Moreno, hasta la puerta del Congreso, sobre Entre R\u00edos.<\/p>\n<p>Llevaran un Petitorio, de NO AL TRASPASO DE LA PFA, conjuntamente con m\u00e1s de 1000 amparos presentados ante la justicia y los art\u00edculos que proh\u00edben el traspaso.<\/p>\n<p>La fuente consultada, nos inform\u00f3 que pedir\u00e1n el alejamiento e investigaci\u00f3n sobre el Comisario General Guillermo Calvi\u00f1o, jefe de la fuerza del Gobierno de la Ciudad, por hechos acontecidos durante cuatro a\u00f1os y su operaci\u00f3n junto a Ocampo y D\u00a8Alesandro, en este traspaso.<\/p>\n<p>\u00abEl lema que llevaremos ser\u00e1,\u00bbPor nuestra Polic\u00eda Federal Argentina y nuestros derechos adquiridos\u00bb, t\u00e9rmino de referirnos la fuente consultada.<\/p>\n","protected":false},"excerpt":{"rendered":"<p>Varias Asociaciones vecinales, familiares de Polic\u00edas Federales, retirados , polic\u00edas convocados, llaman para el d\u00eda 5 de octubre, a una movilizaci\u00f3n contra el traspaso de los Federales al Gobierno de la Ciudad. El d\u00eda 5 de Octubre del 2016, a las 12:30 hs marcharan junto a familiares de Polic\u00edas Federales retirados y en actividad, con&hellip;<\/p>\n","protected":false},"author":1,"featured_media":0,"comment_status":"open","ping_status":"open","sticky":false,"template":"","format":"standard","meta":{"footnotes":""},"categories":[22],"tags":[560,13162,24519,18374,22020,157,1011,156,4047,698],"class_list":["post-62494","post","type-post","status-publish","format-standard","hentry","category-policiales","tag-amigos","tag-amparos","tag-asociaciones","tag-comisario-general-guillermo-calvino","tag-denuncias","tag-familiares","tag-gobierno-de-la-ciudad","tag-marcha","tag-petitorio","tag-pfa"],"_links":{"self":[{"href":"https:\/\/www.elsindical.com.ar\/notas\/wp-json\/wp\/v2\/posts\/62494","targetHints":{"allow":["GET"]}}],"collection":[{"href":"https:\/\/www.elsindical.com.ar\/notas\/wp-json\/wp\/v2\/posts"}],"about":[{"href":"https:\/\/www.elsindical.com.ar\/notas\/wp-json\/wp\/v2\/types\/post"}],"author":[{"embeddable":true,"href":"https:\/\/www.elsindical.com.ar\/notas\/wp-json\/wp\/v2\/users\/1"}],"replies":[{"embeddable":true,"href":"https:\/\/www.elsindical.com.ar\/notas\/wp-json\/wp\/v2\/comments?post=62494"}],"version-history":[{"count":1,"href":"https:\/\/www.elsindical.com.ar\/notas\/wp-json\/wp\/v2\/posts\/62494\/revisions"}],"predecessor-version":[{"id":62495,"href":"https:\/\/www.elsindical.com.ar\/notas\/wp-json\/wp\/v2\/posts\/62494\/revisions\/62495"}],"wp:attachment":[{"href":"https:\/\/www.elsindical.com.ar\/notas\/wp-json\/wp\/v2\/media?parent=62494"}],"wp:term":[{"taxonomy":"category","embeddable":true,"href":"https:\/\/www.elsindical.com.ar\/notas\/wp-json\/wp\/v2\/categories?post=62494"},{"taxonomy":"post_tag","embeddable":true,"href":"https:\/\/www.elsindical.com.ar\/notas\/wp-json\/wp\/v2\/tags?post=62494"}],"curies":[{"name":"wp","href":"https:\/\/api.w.org\/{rel}","templated":true}]}}