{"id":62486,"date":"2016-10-01T20:39:20","date_gmt":"2016-10-01T23:39:20","guid":{"rendered":"http:\/\/www.elsindical.com.ar\/notas\/?p=62486"},"modified":"2016-10-01T20:39:20","modified_gmt":"2016-10-01T23:39:20","slug":"tercer-aumento-del-ano-en-celulares-con-subas-de-hasta-16","status":"publish","type":"post","link":"https:\/\/www.elsindical.com.ar\/notas\/tercer-aumento-del-ano-en-celulares-con-subas-de-hasta-16\/","title":{"rendered":"Tercer aumento del a\u00f1o en celulares con subas de hasta 16%"},"content":{"rendered":"<p><em><a href=\"http:\/\/www.elsindical.com.ar\/notas\/var\/www\/html\/notas\/wp-content\/uploads\/2010\/02\/aumento-tarifas-celulares.jpg\"><img loading=\"lazy\" decoding=\"async\" class=\"alignnone size-full wp-image-3702\" src=\"http:\/\/www.elsindical.com.ar\/notas\/var\/www\/html\/notas\/wp-content\/uploads\/2010\/02\/aumento-tarifas-celulares.jpg\" alt=\"aumento-tarifas-celulares\" width=\"227\" height=\"171\" \/><\/a>\u00a0 Personal ajust\u00f3 15,4% en promedio el precio de abonos fijos y Movistar lo har\u00e1 en noviembre. Claro tambi\u00e9n estudia los incrementos.<\/em><\/p>\n<p>Las empresas de telefon\u00eda celular remarcar\u00e1n sus precios por tercera vez en lo que va del a\u00f1o, con subas de hasta el 16%. Mientras que Personal ya lo hizo, Movistar planea hacerlo en Noviembre y Claro analiza las incrementos.<\/p>\n<p>Las empresas aseguran que trata del \u00faltimo ajuste de tarifas orientada por una inflaci\u00f3n exageradamente alta, por encima del 40% en 12 meses.<\/p>\n<p>Personal, la marca de telefon\u00eda m\u00f3vil de Telecom, aument\u00f3 esta semana 15,4% en promedio el precio de los abonos fijos con factura (en el lenguaje de las telecomunciones se los denomina clientes pospago), que abarca a un 32% de sus 20 millones de conexiones.<\/p>\n<p>En tanto, los usuarios que tienen la modalidad prepaga (antes denominados \u00abcon tarjeta), tendr\u00e1n un incremento de 16% desde el 21 de octubre para el acceso a Internet por d\u00eda, mientras que mantendr\u00e1 sin variaciones los precios de los servicios de voz y mensajes de texto (SMS). La medida impactar\u00e1 en m\u00e1s de 13 millones de conexiones que se manejan con recarga.<\/p>\n<p>En ambos casos, la compa\u00f1\u00eda comunic\u00f3 los aumentos de los \u00faltimos d\u00edas con 60 d\u00edas de antelaci\u00f3n, como indica la regulaci\u00f3n.<\/p>\n<p>Movistar, la operadora de telefon\u00eda m\u00f3vil de Telef\u00f3nica, tambi\u00e9n desplegar\u00e1 una saga de aumentos en el futuro cercano. El 14 de noviembre aplicar\u00e1 un ajuste promedio en abonos, excedentes, servicios de valor agregado, minuto de voz y SMS del 10,5%, tanto en los productos prepago como pospago.<\/p>\n<p>Los clientes pospagos tendr\u00e1n un incremento promedio del 11,2% en el valor de los abonos, y del 10% en excedentes y servicios de valor agregado. El 25% de esos usuarios no sufrir\u00e1n modificaciones, indicaron fuentes de la empresa.<\/p>\n<p>Mientras tanto, quienes tienen el servicio prepago sufrir\u00e1n un ajuste promedio del 4,3% en el precio del minuto de voz, y del 10,3% en los SMS. La medida alcanza a unas 12 millones de conexiones.<\/p>\n<p>Claro, otra de las grandes operadoras del mercado, a\u00fan no defini\u00f3 los pr\u00f3ximos pasos. Deber\u00eda aplicar un aumento a fin de a\u00f1o y otro a principios del segundo cuatrimestre de 2017, confirmaron fuentes al tanto de esas decisiones, pero algunos interrogantes se le plantean en el camino, al igual que al resto de las compa\u00f1\u00edas.<\/p>\n","protected":false},"excerpt":{"rendered":"<p>\u00a0 Personal ajust\u00f3 15,4% en promedio el precio de abonos fijos y Movistar lo har\u00e1 en noviembre. Claro tambi\u00e9n estudia los incrementos. Las empresas de telefon\u00eda celular remarcar\u00e1n sus precios por tercera vez en lo que va del a\u00f1o, con subas de hasta el 16%. Mientras que Personal ya lo hizo, Movistar planea hacerlo en&hellip;<\/p>\n","protected":false},"author":1,"featured_media":0,"comment_status":"open","ping_status":"open","sticky":false,"template":"","format":"standard","meta":{"footnotes":""},"categories":[9],"tags":[1754,624,1937,2353,5283,1936,567,373],"class_list":["post-62486","post","type-post","status-publish","format-standard","hentry","category-economia","tag-aumentos","tag-celulares","tag-claro","tag-clientes","tag-movistar","tag-personal","tag-sms","tag-tarifas"],"_links":{"self":[{"href":"https:\/\/www.elsindical.com.ar\/notas\/wp-json\/wp\/v2\/posts\/62486","targetHints":{"allow":["GET"]}}],"collection":[{"href":"https:\/\/www.elsindical.com.ar\/notas\/wp-json\/wp\/v2\/posts"}],"about":[{"href":"https:\/\/www.elsindical.com.ar\/notas\/wp-json\/wp\/v2\/types\/post"}],"author":[{"embeddable":true,"href":"https:\/\/www.elsindical.com.ar\/notas\/wp-json\/wp\/v2\/users\/1"}],"replies":[{"embeddable":true,"href":"https:\/\/www.elsindical.com.ar\/notas\/wp-json\/wp\/v2\/comments?post=62486"}],"version-history":[{"count":1,"href":"https:\/\/www.elsindical.com.ar\/notas\/wp-json\/wp\/v2\/posts\/62486\/revisions"}],"predecessor-version":[{"id":62487,"href":"https:\/\/www.elsindical.com.ar\/notas\/wp-json\/wp\/v2\/posts\/62486\/revisions\/62487"}],"wp:attachment":[{"href":"https:\/\/www.elsindical.com.ar\/notas\/wp-json\/wp\/v2\/media?parent=62486"}],"wp:term":[{"taxonomy":"category","embeddable":true,"href":"https:\/\/www.elsindical.com.ar\/notas\/wp-json\/wp\/v2\/categories?post=62486"},{"taxonomy":"post_tag","embeddable":true,"href":"https:\/\/www.elsindical.com.ar\/notas\/wp-json\/wp\/v2\/tags?post=62486"}],"curies":[{"name":"wp","href":"https:\/\/api.w.org\/{rel}","templated":true}]}}