{"id":62429,"date":"2016-09-29T02:49:56","date_gmt":"2016-09-29T05:49:56","guid":{"rendered":"http:\/\/www.elsindical.com.ar\/notas\/?p=62429"},"modified":"2016-09-29T02:49:56","modified_gmt":"2016-09-29T05:49:56","slug":"declaran-la-emergencia-presupuestaria-y-financiera-de-la-universidad-de-avellaneda","status":"publish","type":"post","link":"https:\/\/www.elsindical.com.ar\/notas\/declaran-la-emergencia-presupuestaria-y-financiera-de-la-universidad-de-avellaneda\/","title":{"rendered":"Declaran la emergencia presupuestaria y financiera de la Universidad de Avellaneda"},"content":{"rendered":"<p><em><a href=\"http:\/\/www.elsindical.com.ar\/notas\/var\/www\/html\/notas\/wp-content\/uploads\/2014\/11\/UNDAV1.jpg\"><img loading=\"lazy\" decoding=\"async\" class=\"alignnone size-medium wp-image-47571\" src=\"http:\/\/www.elsindical.com.ar\/notas\/var\/www\/html\/notas\/wp-content\/uploads\/2014\/11\/UNDAV1-300x168.jpg\" alt=\"UNDAV1\" width=\"300\" height=\"168\" srcset=\"https:\/\/www.elsindical.com.ar\/notas\/var\/www\/html\/notas\/wp-content\/uploads\/2014\/11\/UNDAV1-300x168.jpg 300w, https:\/\/www.elsindical.com.ar\/notas\/var\/www\/html\/notas\/wp-content\/uploads\/2014\/11\/UNDAV1-500x280.jpg 500w, https:\/\/www.elsindical.com.ar\/notas\/var\/www\/html\/notas\/wp-content\/uploads\/2014\/11\/UNDAV1.jpg 502w\" sizes=\"auto, (max-width: 300px) 100vw, 300px\" \/><\/a>\u00a0\u00a0 El Consejo Superior de la Universidad Nacional de Avellaneda (UNDAV) declar\u00f3, por unanimidad, \u201cla emergencia presupuestaria y financiera\u201d de esta casa de altos estudios debido a que \u201clos recursos econ\u00f3micos existentes a la fecha resultan insuficientes para el sostenimiento de sus funciones esenciales hasta fin de a\u00f1o\u201d.<\/em><\/p>\n<p>La decisi\u00f3n fue informada por la propia universidad luego de realizada, este lunes, la 46\u00aa Sesi\u00f3n Ordinaria del Consejo Superior.<\/p>\n<p>\u201cLos consejeros superiores de los distintos claustros (Docente, No Docente y Estudiantil) coincidieron en tomar esta determinaci\u00f3n con el fin de preservar los puestos de trabajo y salvaguardar la educaci\u00f3n p\u00fablica y gratuita, de acuerdo a lo estipulado en la Ley de Educaci\u00f3n Superior que garantiza el pleno ejercicio del derecho a la educaci\u00f3n superior de todos los argentinos\u201d, detall\u00f3 la UNDAV a trav\u00e9s de un comunicado publicado en su web oficial<\/p>\n<p>En los pr\u00f3ximos d\u00edas se dar\u00e1 a conocer un documento con los considerandos correspondientes a esta medida, que ser\u00e1 presentado ante las autoridades correspondientes del Consejo Interuniversitario Nacional.<\/p>\n<p>\u00abEl Ministerio de Educaci\u00f3n y Deportes no nos da una respuesta ante los reclamos y no hay compromiso fehaciente de resolverlos\u00bb, se\u00f1al\u00f3 el rector de la UNDAV, Jorge Calzoni en declaraciones al portal eldestapeweb.com. \u00abNecesitamos unos 30 millones de pesos para cerrar bien el a\u00f1o. Este dinero lo deben desde principios de a\u00f1o y tiene que ver, entre otras cosas, con la escuela secundaria y con el mantenimiento de los programas como elFINES\u00bb, agreg\u00f3.<\/p>\n","protected":false},"excerpt":{"rendered":"<p>\u00a0\u00a0 El Consejo Superior de la Universidad Nacional de Avellaneda (UNDAV) declar\u00f3, por unanimidad, \u201cla emergencia presupuestaria y financiera\u201d de esta casa de altos estudios debido a que \u201clos recursos econ\u00f3micos existentes a la fecha resultan insuficientes para el sostenimiento de sus funciones esenciales hasta fin de a\u00f1o\u201d. La decisi\u00f3n fue informada por la propia&hellip;<\/p>\n","protected":false},"author":1,"featured_media":0,"comment_status":"open","ping_status":"open","sticky":false,"template":"","format":"standard","meta":{"footnotes":""},"categories":[25],"tags":[24498,24497,4143,4142],"class_list":["post-62429","post","type-post","status-publish","format-standard","hentry","category-sociedad","tag-elfines","tag-emergencia-economica","tag-jorge-calzoni","tag-undav"],"_links":{"self":[{"href":"https:\/\/www.elsindical.com.ar\/notas\/wp-json\/wp\/v2\/posts\/62429","targetHints":{"allow":["GET"]}}],"collection":[{"href":"https:\/\/www.elsindical.com.ar\/notas\/wp-json\/wp\/v2\/posts"}],"about":[{"href":"https:\/\/www.elsindical.com.ar\/notas\/wp-json\/wp\/v2\/types\/post"}],"author":[{"embeddable":true,"href":"https:\/\/www.elsindical.com.ar\/notas\/wp-json\/wp\/v2\/users\/1"}],"replies":[{"embeddable":true,"href":"https:\/\/www.elsindical.com.ar\/notas\/wp-json\/wp\/v2\/comments?post=62429"}],"version-history":[{"count":1,"href":"https:\/\/www.elsindical.com.ar\/notas\/wp-json\/wp\/v2\/posts\/62429\/revisions"}],"predecessor-version":[{"id":62430,"href":"https:\/\/www.elsindical.com.ar\/notas\/wp-json\/wp\/v2\/posts\/62429\/revisions\/62430"}],"wp:attachment":[{"href":"https:\/\/www.elsindical.com.ar\/notas\/wp-json\/wp\/v2\/media?parent=62429"}],"wp:term":[{"taxonomy":"category","embeddable":true,"href":"https:\/\/www.elsindical.com.ar\/notas\/wp-json\/wp\/v2\/categories?post=62429"},{"taxonomy":"post_tag","embeddable":true,"href":"https:\/\/www.elsindical.com.ar\/notas\/wp-json\/wp\/v2\/tags?post=62429"}],"curies":[{"name":"wp","href":"https:\/\/api.w.org\/{rel}","templated":true}]}}