{"id":62360,"date":"2016-09-25T21:42:06","date_gmt":"2016-09-26T00:42:06","guid":{"rendered":"http:\/\/www.elsindical.com.ar\/notas\/?p=62360"},"modified":"2016-09-25T21:42:06","modified_gmt":"2016-09-26T00:42:06","slug":"lomas-de-zamora-hallan-cadaver-a-la-vera-del-riachuelo","status":"publish","type":"post","link":"https:\/\/www.elsindical.com.ar\/notas\/lomas-de-zamora-hallan-cadaver-a-la-vera-del-riachuelo\/","title":{"rendered":"Lomas de Zamora: Hallan cad\u00e1ver a la vera del Riachuelo"},"content":{"rendered":"<p><em><a href=\"http:\/\/www.elsindical.com.ar\/notas\/var\/www\/html\/notas\/wp-content\/uploads\/2016\/09\/cad\u00e1ver-Riachuelo-Lomas-de-Zamora.jpg\"><img loading=\"lazy\" decoding=\"async\" class=\"alignnone size-medium wp-image-62361\" src=\"http:\/\/www.elsindical.com.ar\/notas\/var\/www\/html\/notas\/wp-content\/uploads\/2016\/09\/cad\u00e1ver-Riachuelo-Lomas-de-Zamora-300x158.jpg\" alt=\"cadaver-riachuelo-lomas-de-zamora\" width=\"300\" height=\"158\" srcset=\"https:\/\/www.elsindical.com.ar\/notas\/var\/www\/html\/notas\/wp-content\/uploads\/2016\/09\/cad\u00e1ver-Riachuelo-Lomas-de-Zamora-300x158.jpg 300w, https:\/\/www.elsindical.com.ar\/notas\/var\/www\/html\/notas\/wp-content\/uploads\/2016\/09\/cad\u00e1ver-Riachuelo-Lomas-de-Zamora-500x263.jpg 500w, https:\/\/www.elsindical.com.ar\/notas\/var\/www\/html\/notas\/wp-content\/uploads\/2016\/09\/cad\u00e1ver-Riachuelo-Lomas-de-Zamora.jpg 620w\" sizes=\"auto, (max-width: 300px) 100vw, 300px\" \/><\/a>\u00a0 El cuerpo sin vida de un hombre, al parecer masacrado a golpes, fue hallado por pibes que jugaban a la orilla del curso de agua, en Villa Albertina. Los vecinos presumen que no ser\u00eda de la zona.<\/em><\/p>\n<p>El cuerpo sin vida de un hombre fue hallado envuelto en una frazada y atado de pies, en la orilla del Riachuelo, en la localidad bonaerense de Villa Albertina, partido de Lomas de Zamora. Seg\u00fan los vecinos, no ser\u00eda un hombre de la zona y al parecer habr\u00eda sido asesinado a golpes.<\/p>\n<p>El macabro hallazgo se produjo a las 17:00 hs. de este domingo cuando un grupo de chicos jugaba a la vera del curso de agua en las calles Falucho entre Barcelona y Marcella, del citado distrito del sur del Gran Buenos Aires.<\/p>\n<p>Siempre de acuerdo a lo que se\u00f1alaron, los menores se toparon con el cad\u00e1ver de un hombre que estaba envuelto en una frazada y atado de pies.<\/p>\n<p><em>\u00abFue horrible, los chicos vinieron corriendo a decirnos lo que hab\u00edan visto. El cuerpo estaba con una bolsa y envuelto en una frazada, la imagen era horrible. Parece que lo mataron a golpes\u00bb <\/em>se\u00f1alaron los vecinos.<\/p>\n<p>Efectivos de la polic\u00eda cient\u00edfica trabajaron en el lugar recabando datos que permitieran identificar a a la v\u00edctima.<\/p>\n","protected":false},"excerpt":{"rendered":"<p>\u00a0 El cuerpo sin vida de un hombre, al parecer masacrado a golpes, fue hallado por pibes que jugaban a la orilla del curso de agua, en Villa Albertina. Los vecinos presumen que no ser\u00eda de la zona. El cuerpo sin vida de un hombre fue hallado envuelto en una frazada y atado de pies,&hellip;<\/p>\n","protected":false},"author":1,"featured_media":0,"comment_status":"open","ping_status":"open","sticky":false,"template":"","format":"standard","meta":{"footnotes":""},"categories":[22],"tags":[2409,744,4447,14697],"class_list":["post-62360","post","type-post","status-publish","format-standard","hentry","category-policiales","tag-cadaver","tag-lomas-de-zamora","tag-riachuelo","tag-villa-albertina"],"_links":{"self":[{"href":"https:\/\/www.elsindical.com.ar\/notas\/wp-json\/wp\/v2\/posts\/62360","targetHints":{"allow":["GET"]}}],"collection":[{"href":"https:\/\/www.elsindical.com.ar\/notas\/wp-json\/wp\/v2\/posts"}],"about":[{"href":"https:\/\/www.elsindical.com.ar\/notas\/wp-json\/wp\/v2\/types\/post"}],"author":[{"embeddable":true,"href":"https:\/\/www.elsindical.com.ar\/notas\/wp-json\/wp\/v2\/users\/1"}],"replies":[{"embeddable":true,"href":"https:\/\/www.elsindical.com.ar\/notas\/wp-json\/wp\/v2\/comments?post=62360"}],"version-history":[{"count":1,"href":"https:\/\/www.elsindical.com.ar\/notas\/wp-json\/wp\/v2\/posts\/62360\/revisions"}],"predecessor-version":[{"id":62362,"href":"https:\/\/www.elsindical.com.ar\/notas\/wp-json\/wp\/v2\/posts\/62360\/revisions\/62362"}],"wp:attachment":[{"href":"https:\/\/www.elsindical.com.ar\/notas\/wp-json\/wp\/v2\/media?parent=62360"}],"wp:term":[{"taxonomy":"category","embeddable":true,"href":"https:\/\/www.elsindical.com.ar\/notas\/wp-json\/wp\/v2\/categories?post=62360"},{"taxonomy":"post_tag","embeddable":true,"href":"https:\/\/www.elsindical.com.ar\/notas\/wp-json\/wp\/v2\/tags?post=62360"}],"curies":[{"name":"wp","href":"https:\/\/api.w.org\/{rel}","templated":true}]}}